{"id":2247,"date":"2021-03-05T08:00:00","date_gmt":"2021-03-05T07:00:00","guid":{"rendered":"https:\/\/levangilealecran.com\/?p=2247"},"modified":"2021-03-03T15:34:43","modified_gmt":"2021-03-03T14:34:43","slug":"3eme-dimanche-de-careme-b-7-mars-2021","status":"publish","type":"post","link":"https:\/\/levangilealecran.com\/?p=2247","title":{"rendered":"3\u00e8me dimanche de car\u00eame \u2013 B \u2013 7 mars 2021"},"content":{"rendered":"\n<blockquote class=\"wp-block-quote is-layout-flow wp-block-quote-is-layout-flow\"><p>Il fit un fouet avec des cordes, et les chassa tous du Temple&nbsp;!<\/p><cite>Jean 2, 15<\/cite><\/blockquote>\n\n\n\n<figure class=\"wp-block-image size-full is-resized is-style-default\"><a href=\"https:\/\/levangilealecran.com\/wp-content\/uploads\/2021\/03\/20210307_Jn215.png\"><img loading=\"lazy\" decoding=\"async\" src=\"https:\/\/levangilealecran.com\/wp-content\/uploads\/2021\/03\/20210307_Jn215.png\" alt=\"\" class=\"wp-image-2248\" width=\"600\" height=\"600\" srcset=\"https:\/\/levangilealecran.com\/wp-content\/uploads\/2021\/03\/20210307_Jn215.png 1200w, https:\/\/levangilealecran.com\/wp-content\/uploads\/2021\/03\/20210307_Jn215-300x300.png 300w, https:\/\/levangilealecran.com\/wp-content\/uploads\/2021\/03\/20210307_Jn215-1024x1024.png 1024w, https:\/\/levangilealecran.com\/wp-content\/uploads\/2021\/03\/20210307_Jn215-150x150.png 150w, https:\/\/levangilealecran.com\/wp-content\/uploads\/2021\/03\/20210307_Jn215-768x768.png 768w, https:\/\/levangilealecran.com\/wp-content\/uploads\/2021\/03\/20210307_Jn215-600x600.png 600w\" sizes=\"auto, (max-width: 600px) 100vw, 600px\" \/><\/a><\/figure>\n\n\n\n<p class=\"wp-block-paragraph\"><strong>> C\u2019est toujours surprenant de tomber sur ce texte de l\u2019\u00c9vangile o\u00f9 J\u00e9sus s\u2019\u00e9nerve au point de prendre le temps de fabriquer un fouet pour chasser avec force les vendeurs en tous genres qui prenaient toute la place dans le temple. On r\u00e9f\u00e8re souvent cet acte \u00e0 une Sainte Col\u00e8re\u00a0! Le fils de Dieu n\u2019est pas un gentil mou qui accepte tout. Il y a des limites, des lois et elles sont connues et claires d\u00e8s le d\u00e9but\u00a0! En effet, ce dimanche est propos\u00e9 \u00e9galement le texte &#8211; mal nomm\u00e9 en fran\u00e7ais &#8211; des \u00ab\u00a0dix commandements\u00a0\u00bb. Bien que souvent vu comme des ordres avec de lourdes sanctions sur 3 \u00e0 4 g\u00e9n\u00e9rations pour ceux qui oseraient les enfreindre, il s&rsquo;agit avant tout d&rsquo;une liste de dix Paroles qui donnent la vie sur 1000 g\u00e9n\u00e9rations d\u2019o\u00f9 son nom plus correct de \u00ab\u00a0D\u00e9calogue\u00a0\u00bb.<\/strong><\/p>\n\n\n\n<p class=\"wp-block-paragraph\"><strong>Quel rapport donc avec le temple me direz-vous&nbsp;? Le Seigneur demande explicitement \u00ab&nbsp;Vous n\u2019aurez pas d\u2019autre Dieu que moi&nbsp;!&nbsp;\u00bb (Ex. 20, 3) . J\u00e9sus aussi dira \u00ab&nbsp;Nul ne peut servir deux ma\u00eetres. [\u2026]. Dieu et L\u2019argent.&nbsp;\u00bb (Mt 6, 24).<\/strong><\/p>\n\n\n\n<p class=\"wp-block-paragraph\"><strong>&gt; Ce texte \u00e0 une dimension encore plus profonde, qui pr\u00e9figure la Pentec\u00f4te, l\u2019Esprit-Saint envoy\u00e9 en nous. Nous sommes le temple qui accueille J\u00e9sus (1 Co 3, 16) et il nous faut ainsi passer par la Sainte Col\u00e8re de Dieu qui vient chasser en nous ce qui prend trop de place, qui n\u2019est pas \u00e0 son service. Profitons encore de cette p\u00e9riode de Car\u00eame pour faire de la place dans notre c\u0153ur. Le je\u00fbne n\u2019est pas forc\u00e9ment celui de la nourriture, mais nous sommes appel\u00e9s \u00e0 laisser J\u00e9sus chasser les impuret\u00e9s en nous&nbsp;et lui donner la place qu\u2019Il m\u00e9rite&nbsp;! Soyez fortifi\u00e9s et b\u00e9nis&nbsp;! Amen.<\/strong><\/p>\n","protected":false},"excerpt":{"rendered":"<p>Il fit un fouet avec des cordes, et les chassa tous du Temple&nbsp;! Jean 2, 15 > C\u2019est toujours surprenant de tomber sur ce texte de l\u2019\u00c9vangile o\u00f9 J\u00e9sus s\u2019\u00e9nerve au point de prendre le temps de fabriquer un fouet pour chasser avec force les vendeurs en tous genres qui prenaient toute la place dans le temple. On r\u00e9f\u00e8re souvent cet acte \u00e0 une Sainte Col\u00e8re\u00a0! Le fils de Dieu n\u2019est pas un gentil mou qui accepte tout. Il y a des limites, des lois et elles sont connues et claires d\u00e8s le d\u00e9but\u00a0! En effet, ce dimanche est propos\u00e9 \u00e9galement le texte &#8211; mal nomm\u00e9 en fran\u00e7ais &#8211; des \u2026 <a class=\"continue-reading-link\" href=\"https:\/\/levangilealecran.com\/?p=2247\"> Continue reading <span class=\"meta-nav\">&rarr; <\/span><\/a><\/p>\n","protected":false},"author":2005,"featured_media":0,"comment_status":"open","ping_status":"open","sticky":false,"template":"","format":"standard","meta":{"footnotes":""},"categories":[44,5],"tags":[371,824,823],"class_list":["post-2247","post","type-post","status-publish","format-standard","hentry","category-careme","category-jean","tag-colere","tag-purifier","tag-sainte-colere"],"_links":{"self":[{"href":"https:\/\/levangilealecran.com\/index.php?rest_route=\/wp\/v2\/posts\/2247","targetHints":{"allow":["GET"]}}],"collection":[{"href":"https:\/\/levangilealecran.com\/index.php?rest_route=\/wp\/v2\/posts"}],"about":[{"href":"https:\/\/levangilealecran.com\/index.php?rest_route=\/wp\/v2\/types\/post"}],"author":[{"embeddable":true,"href":"https:\/\/levangilealecran.com\/index.php?rest_route=\/wp\/v2\/users\/2005"}],"replies":[{"embeddable":true,"href":"https:\/\/levangilealecran.com\/index.php?rest_route=%2Fwp%2Fv2%2Fcomments&post=2247"}],"version-history":[{"count":2,"href":"https:\/\/levangilealecran.com\/index.php?rest_route=\/wp\/v2\/posts\/2247\/revisions"}],"predecessor-version":[{"id":2251,"href":"https:\/\/levangilealecran.com\/index.php?rest_route=\/wp\/v2\/posts\/2247\/revisions\/2251"}],"wp:attachment":[{"href":"https:\/\/levangilealecran.com\/index.php?rest_route=%2Fwp%2Fv2%2Fmedia&parent=2247"}],"wp:term":[{"taxonomy":"category","embeddable":true,"href":"https:\/\/levangilealecran.com\/index.php?rest_route=%2Fwp%2Fv2%2Fcategories&post=2247"},{"taxonomy":"post_tag","embeddable":true,"href":"https:\/\/levangilealecran.com\/index.php?rest_route=%2Fwp%2Fv2%2Ftags&post=2247"}],"curies":[{"name":"wp","href":"https:\/\/api.w.org\/{rel}","templated":true}]}}