{"id":2243,"date":"2021-02-26T08:00:00","date_gmt":"2021-02-26T07:00:00","guid":{"rendered":"https:\/\/levangilealecran.com\/?p=2243"},"modified":"2021-02-25T22:24:16","modified_gmt":"2021-02-25T21:24:16","slug":"2eme-dimanche-de-careme-b-28-fevrier-2021","status":"publish","type":"post","link":"https:\/\/levangilealecran.com\/?p=2243","title":{"rendered":"2\u00e8me dimanche de car\u00eame \u2013 B \u2013 28 f\u00e9vrier 2021"},"content":{"rendered":"\n<blockquote class=\"wp-block-quote is-layout-flow wp-block-quote-is-layout-flow\"><p>La transfiguration.<\/p><cite>Marc 9.2-10<\/cite><\/blockquote>\n\n\n\n<figure class=\"wp-block-image size-large is-style-rounded\"><a href=\"https:\/\/levangilealecran.com\/wp-content\/uploads\/2021\/02\/154299558_1970862656404250_4666992782112977403_o.jpg\"><img loading=\"lazy\" decoding=\"async\" width=\"526\" height=\"526\" src=\"https:\/\/levangilealecran.com\/wp-content\/uploads\/2021\/02\/154299558_1970862656404250_4666992782112977403_o.jpg\" alt=\"\" class=\"wp-image-2245\" srcset=\"https:\/\/levangilealecran.com\/wp-content\/uploads\/2021\/02\/154299558_1970862656404250_4666992782112977403_o.jpg 526w, https:\/\/levangilealecran.com\/wp-content\/uploads\/2021\/02\/154299558_1970862656404250_4666992782112977403_o-300x300.jpg 300w, https:\/\/levangilealecran.com\/wp-content\/uploads\/2021\/02\/154299558_1970862656404250_4666992782112977403_o-150x150.jpg 150w\" sizes=\"auto, (max-width: 526px) 100vw, 526px\" \/><\/a><\/figure>\n\n\n\n<p class=\"wp-block-paragraph\"><strong>&gt; Cette semaine, nous sommes invit\u00e9s \u00e0 mettre nos pas dans ceux du Christ : quels sont les \u00e9tapes du chemin qu&rsquo;il prend pour vivre cette exp\u00e9rience spirituelle de la transfiguration ?<\/strong><\/p>\n\n\n\n<ul class=\"wp-block-list\"><li><strong>Premi\u00e8rement , partir \u00e0 l&rsquo;\u00e9cart, gravir une montagne pour une halte bienfaisante.<\/strong><\/li><li><strong>Ensuite, \u00eatre en lien avec ses P\u00e8res dans la Foi: ce contact avec Elie et Mo\u00efse lui permet sans doute de se ressourcer spirituellement en se reliant \u00e0 eux pour mieux comprendre sa mission.<\/strong><\/li><li><strong>Et finalement, entendre tout \u00e0 nouveau, comme lors de son bapt\u00eame, la voix du P\u00e8re qui descend du ciel pour r\u00e9affirmer son identit\u00e9 de Fils bien- aim\u00e9 !<\/strong><\/li><\/ul>\n\n\n\n<p class=\"wp-block-paragraph\"><strong>&gt; Tu connais certainement l&rsquo;expression \u00ab\u00a0face de car\u00eame\u00a0\u00bb? Comment lutter contre la grisaille de ce temps d&rsquo;incertitude et remettre le sourire sur nos visages?<\/strong><br><strong>J\u00e9sus te montre la voie\u2026pour laver ton visage durant ce temps de car\u00eame, t&rsquo;entendre dire Fils bien aim\u00e9 et Fille bien-aim\u00e9e, et peut-\u00eatre rayonner toi aussi ? Prends soin de ton sourire !<\/strong><\/p>\n","protected":false},"excerpt":{"rendered":"<p>La transfiguration. Marc 9.2-10 &gt; Cette semaine, nous sommes invit\u00e9s \u00e0 mettre nos pas dans ceux du Christ : quels sont les \u00e9tapes du chemin qu&rsquo;il prend pour vivre cette exp\u00e9rience spirituelle de la transfiguration ? Premi\u00e8rement , partir \u00e0 l&rsquo;\u00e9cart, gravir une montagne pour une halte bienfaisante. Ensuite, \u00eatre en lien avec ses P\u00e8res dans la Foi: ce contact avec Elie et Mo\u00efse lui permet sans doute de se ressourcer spirituellement en se reliant \u00e0 eux pour mieux comprendre sa mission. Et finalement, entendre tout \u00e0 nouveau, comme lors de son bapt\u00eame, la voix du P\u00e8re qui descend du ciel pour r\u00e9affirmer son identit\u00e9 de Fils bien- aim\u00e9 ! \u2026 <a class=\"continue-reading-link\" href=\"https:\/\/levangilealecran.com\/?p=2243\"> Continue reading <span class=\"meta-nav\">&rarr; <\/span><\/a><\/p>\n","protected":false},"author":2005,"featured_media":0,"comment_status":"open","ping_status":"open","sticky":false,"template":"","format":"standard","meta":{"footnotes":""},"categories":[44,4,7],"tags":[47,75,822],"class_list":["post-2243","post","type-post","status-publish","format-standard","hentry","category-careme","category-dimanche","category-marc","tag-careme-2","tag-joie","tag-sourire"],"_links":{"self":[{"href":"https:\/\/levangilealecran.com\/index.php?rest_route=\/wp\/v2\/posts\/2243","targetHints":{"allow":["GET"]}}],"collection":[{"href":"https:\/\/levangilealecran.com\/index.php?rest_route=\/wp\/v2\/posts"}],"about":[{"href":"https:\/\/levangilealecran.com\/index.php?rest_route=\/wp\/v2\/types\/post"}],"author":[{"embeddable":true,"href":"https:\/\/levangilealecran.com\/index.php?rest_route=\/wp\/v2\/users\/2005"}],"replies":[{"embeddable":true,"href":"https:\/\/levangilealecran.com\/index.php?rest_route=%2Fwp%2Fv2%2Fcomments&post=2243"}],"version-history":[{"count":2,"href":"https:\/\/levangilealecran.com\/index.php?rest_route=\/wp\/v2\/posts\/2243\/revisions"}],"predecessor-version":[{"id":2246,"href":"https:\/\/levangilealecran.com\/index.php?rest_route=\/wp\/v2\/posts\/2243\/revisions\/2246"}],"wp:attachment":[{"href":"https:\/\/levangilealecran.com\/index.php?rest_route=%2Fwp%2Fv2%2Fmedia&parent=2243"}],"wp:term":[{"taxonomy":"category","embeddable":true,"href":"https:\/\/levangilealecran.com\/index.php?rest_route=%2Fwp%2Fv2%2Fcategories&post=2243"},{"taxonomy":"post_tag","embeddable":true,"href":"https:\/\/levangilealecran.com\/index.php?rest_route=%2Fwp%2Fv2%2Ftags&post=2243"}],"curies":[{"name":"wp","href":"https:\/\/api.w.org\/{rel}","templated":true}]}}