{"id":2239,"date":"2021-02-19T15:04:40","date_gmt":"2021-02-19T14:04:40","guid":{"rendered":"https:\/\/levangilealecran.com\/?p=2239"},"modified":"2021-02-19T15:04:40","modified_gmt":"2021-02-19T14:04:40","slug":"1er-dimanche-de-careme-b-21-fevrier-2021","status":"publish","type":"post","link":"https:\/\/levangilealecran.com\/?p=2239","title":{"rendered":"1er dimanche de car\u00eame &#8211; B &#8211; 21 f\u00e9vrier 2021"},"content":{"rendered":"\n<blockquote class=\"wp-block-quote is-layout-flow wp-block-quote-is-layout-flow\"><p>\u00ab\u00a0Aussit\u00f4t l\u2019Esprit pousse J\u00e9sus au d\u00e9sert\u2026 \u00bb<\/p><cite>Marc 1,12<\/cite><\/blockquote>\n\n\n\n<figure class=\"wp-block-image size-large\"><a href=\"https:\/\/levangilealecran.com\/wp-content\/uploads\/2021\/02\/Mc-1-12.jpg\"><img loading=\"lazy\" decoding=\"async\" width=\"1024\" height=\"695\" src=\"https:\/\/levangilealecran.com\/wp-content\/uploads\/2021\/02\/Mc-1-12-1024x695.jpg\" alt=\"\" class=\"wp-image-2240\" srcset=\"https:\/\/levangilealecran.com\/wp-content\/uploads\/2021\/02\/Mc-1-12-1024x695.jpg 1024w, https:\/\/levangilealecran.com\/wp-content\/uploads\/2021\/02\/Mc-1-12-300x204.jpg 300w, https:\/\/levangilealecran.com\/wp-content\/uploads\/2021\/02\/Mc-1-12-768x522.jpg 768w, https:\/\/levangilealecran.com\/wp-content\/uploads\/2021\/02\/Mc-1-12-600x407.jpg 600w, https:\/\/levangilealecran.com\/wp-content\/uploads\/2021\/02\/Mc-1-12-150x102.jpg 150w, https:\/\/levangilealecran.com\/wp-content\/uploads\/2021\/02\/Mc-1-12-221x150.jpg 221w, https:\/\/levangilealecran.com\/wp-content\/uploads\/2021\/02\/Mc-1-12.jpg 1312w\" sizes=\"auto, (max-width: 1024px) 100vw, 1024px\" \/><\/a><\/figure>\n\n\n\n\n\n<p class=\"wp-block-paragraph\"><strong>> J\u00e9sus vient d\u2019\u00eatre baptis\u00e9, de recevoir l\u2019Esprit\u2026 et ce m\u00eame Esprit le pousse au d\u00e9sert o\u00f9 il va \u00eatre tent\u00e9 par Satan. On peut \u00eatre quelque peu interloqu\u00e9 en lisant cela\u00a0! Quoi, l\u2019Esprit aurait-il perdu\u2026 l\u2019esprit\u00a0?<\/strong><\/p>\n\n\n\n<p class=\"wp-block-paragraph\"><strong>> Les \u00e9preuves que J\u00e9sus va traverser au cours de son cheminement dans le d\u00e9sert, ses rencontres avec le diable, vont prouver son intelligence et sa divinit\u00e9 avant que son minist\u00e8re ne commence. Au final, il s\u2019agit donc d\u2019une bonne chose.<\/strong><\/p>\n\n\n\n<p class=\"wp-block-paragraph\"><strong>> Lorsque nous rencontrons une \u00e9preuve, ne pensons jamais qu\u2019elle nous est envoy\u00e9e par Dieu \u2013 l\u2019Esprit n\u2019envoie pas Satan, il envoie J\u00e9sus en condition d\u2019\u00eatre \u00e9prouv\u00e9, la nuance est importante\u00a0! Pensons simplement que celui qui nous a envoy\u00e9 dans une zone d\u2019\u00e9preuve sait ce qu\u2019il fait, conna\u00eet nos intelligences et notre foi et est persuad\u00e9 que nous pouvons en sortir meilleurs pour accomplir notre vocation.<\/strong><\/p>\n\n\n\n<p class=\"wp-block-paragraph\"><strong>> En ce d\u00e9but de Car\u00eame, travers\u00e9e du d\u00e9sert jusqu\u2019\u00e0 P\u00e2ques, en ce temps de pand\u00e9mie qui est une autre forme de d\u00e9sert, soyons forts dans notre foi et affrontons ce qui nous arrive avec intelligence. Du bien en sortira.<\/strong><\/p>\n","protected":false},"excerpt":{"rendered":"<p>\u00ab\u00a0Aussit\u00f4t l\u2019Esprit pousse J\u00e9sus au d\u00e9sert\u2026 \u00bb Marc 1,12 > J\u00e9sus vient d\u2019\u00eatre baptis\u00e9, de recevoir l\u2019Esprit\u2026 et ce m\u00eame Esprit le pousse au d\u00e9sert o\u00f9 il va \u00eatre tent\u00e9 par Satan. On peut \u00eatre quelque peu interloqu\u00e9 en lisant cela\u00a0! Quoi, l\u2019Esprit aurait-il perdu\u2026 l\u2019esprit\u00a0? > Les \u00e9preuves que J\u00e9sus va traverser au cours de son cheminement dans le d\u00e9sert, ses rencontres avec le diable, vont prouver son intelligence et sa divinit\u00e9 avant que son minist\u00e8re ne commence. Au final, il s\u2019agit donc d\u2019une bonne chose. > Lorsque nous rencontrons une \u00e9preuve, ne pensons jamais qu\u2019elle nous est envoy\u00e9e par Dieu \u2013 l\u2019Esprit n\u2019envoie pas Satan, il envoie J\u00e9sus \u2026 <a class=\"continue-reading-link\" href=\"https:\/\/levangilealecran.com\/?p=2239\"> Continue reading <span class=\"meta-nav\">&rarr; <\/span><\/a><\/p>\n","protected":false},"author":2006,"featured_media":0,"comment_status":"open","ping_status":"open","sticky":false,"template":"","format":"standard","meta":{"footnotes":""},"categories":[44,4,7],"tags":[289,473,220,76,390],"class_list":["post-2239","post","type-post","status-publish","format-standard","hentry","category-careme","category-dimanche","category-marc","tag-desert","tag-epreuve","tag-esprit","tag-foi","tag-satan"],"_links":{"self":[{"href":"https:\/\/levangilealecran.com\/index.php?rest_route=\/wp\/v2\/posts\/2239","targetHints":{"allow":["GET"]}}],"collection":[{"href":"https:\/\/levangilealecran.com\/index.php?rest_route=\/wp\/v2\/posts"}],"about":[{"href":"https:\/\/levangilealecran.com\/index.php?rest_route=\/wp\/v2\/types\/post"}],"author":[{"embeddable":true,"href":"https:\/\/levangilealecran.com\/index.php?rest_route=\/wp\/v2\/users\/2006"}],"replies":[{"embeddable":true,"href":"https:\/\/levangilealecran.com\/index.php?rest_route=%2Fwp%2Fv2%2Fcomments&post=2239"}],"version-history":[{"count":1,"href":"https:\/\/levangilealecran.com\/index.php?rest_route=\/wp\/v2\/posts\/2239\/revisions"}],"predecessor-version":[{"id":2241,"href":"https:\/\/levangilealecran.com\/index.php?rest_route=\/wp\/v2\/posts\/2239\/revisions\/2241"}],"wp:attachment":[{"href":"https:\/\/levangilealecran.com\/index.php?rest_route=%2Fwp%2Fv2%2Fmedia&parent=2239"}],"wp:term":[{"taxonomy":"category","embeddable":true,"href":"https:\/\/levangilealecran.com\/index.php?rest_route=%2Fwp%2Fv2%2Fcategories&post=2239"},{"taxonomy":"post_tag","embeddable":true,"href":"https:\/\/levangilealecran.com\/index.php?rest_route=%2Fwp%2Fv2%2Ftags&post=2239"}],"curies":[{"name":"wp","href":"https:\/\/api.w.org\/{rel}","templated":true}]}}