{"id":2230,"date":"2021-02-05T08:00:00","date_gmt":"2021-02-05T07:00:00","guid":{"rendered":"https:\/\/levangilealecran.com\/?p=2230"},"modified":"2021-02-02T10:41:07","modified_gmt":"2021-02-02T09:41:07","slug":"5e-dimanche-du-temps-ordinaire-b-7-fevrier-2021","status":"publish","type":"post","link":"https:\/\/levangilealecran.com\/?p=2230","title":{"rendered":"5e dimanche du temps ordinaire &#8211; B &#8211; 7 f\u00e9vrier 2021"},"content":{"rendered":"\n<blockquote class=\"wp-block-quote is-layout-flow wp-block-quote-is-layout-flow\"><p>\u00ab\u00a0Allons ailleurs, dans les villages voisins,<br>afin que l\u00e0 aussi je proclame l\u2019\u00c9vangile ;<br>car c\u2019est pour cela que je suis sorti. \u00bb<\/p><cite>Marc 1, 38<\/cite><\/blockquote>\n\n\n\n<figure class=\"wp-block-image size-large\"><a href=\"https:\/\/levangilealecran.com\/wp-content\/uploads\/2021\/02\/ImageEvEcr2021_02_05.jpg\"><img loading=\"lazy\" decoding=\"async\" width=\"600\" height=\"600\" src=\"https:\/\/levangilealecran.com\/wp-content\/uploads\/2021\/02\/ImageEvEcr2021_02_05.jpg\" alt=\"\" class=\"wp-image-2231\" srcset=\"https:\/\/levangilealecran.com\/wp-content\/uploads\/2021\/02\/ImageEvEcr2021_02_05.jpg 600w, https:\/\/levangilealecran.com\/wp-content\/uploads\/2021\/02\/ImageEvEcr2021_02_05-300x300.jpg 300w, https:\/\/levangilealecran.com\/wp-content\/uploads\/2021\/02\/ImageEvEcr2021_02_05-150x150.jpg 150w\" sizes=\"auto, (max-width: 600px) 100vw, 600px\" \/><\/a><\/figure>\n\n\n\n<p class=\"wp-block-paragraph\"><strong>> Apr\u00e8s plusieurs miracles, J\u00e9sus a besoin de se mettre en retrait, de prendre du recul. Puis, \u00e0 la demande implicite des disciples, J\u00e9sus manifeste son autorit\u00e9 par le choix d\u2019une autre voie. Son but est une pr\u00e9dication tr\u00e8s large de l\u2019Evangile, non plus centr\u00e9e sur une seule ville, mais sur la Galil\u00e9e enti\u00e8re. Aux attentes de gu\u00e9risons, J\u00e9sus pointe sur le message, l\u2019Evangile, sur la Parole. Ainsi, J\u00e9sus \u00ab\u00a0d\u00e9zoome\u00a0\u00bb en quelque sorte, il prend de la hauteur pour \u00e9largir son champ de vision, c\u2019est pourquoi il dit aux disciples\u00a0: \u00ab\u00a0Allons ailleurs\u00a0\u00bb.<\/strong><\/p>\n\n\n\n<p class=\"wp-block-paragraph\"><strong>\u00ab\u00a0Allons ailleurs\u00a0\u00bb, comme un appel qui r\u00e9sonne encore aujourd\u2019hui avec force. Allons proclamer l\u2019Evangile, en paroles et en actes. Allons vers ceux qui sont malades. Allons vers ceux qui sont exclus. Allons vers ceux qui en ont besoin. Mais plus encore, essayons de penser \u00e0 ceux \u00e0 qui nous ne pensons pas d\u2019habitude, allons\u2026 ailleurs\u00a0! Voyons plus loin, plus large, \u00ab\u00a0d\u00e9zoomons\u00a0\u00bb. Quand nous avons la t\u00eate dans le guidon, le Christ nous invite \u00e0 relever la t\u00eate, prendre de la hauteur, et aller, avec confiance, ailleurs, pour annoncer l\u2019Evangile. Une invitation \u00e0 chacune et chacun cette semaine\u00a0: allons ailleurs\u00a0!\u00a0<\/strong><\/p>\n","protected":false},"excerpt":{"rendered":"<p>\u00ab\u00a0Allons ailleurs, dans les villages voisins,afin que l\u00e0 aussi je proclame l\u2019\u00c9vangile ;car c\u2019est pour cela que je suis sorti. \u00bb Marc 1, 38 > Apr\u00e8s plusieurs miracles, J\u00e9sus a besoin de se mettre en retrait, de prendre du recul. Puis, \u00e0 la demande implicite des disciples, J\u00e9sus manifeste son autorit\u00e9 par le choix d\u2019une autre voie. Son but est une pr\u00e9dication tr\u00e8s large de l\u2019Evangile, non plus centr\u00e9e sur une seule ville, mais sur la Galil\u00e9e enti\u00e8re. Aux attentes de gu\u00e9risons, J\u00e9sus pointe sur le message, l\u2019Evangile, sur la Parole. Ainsi, J\u00e9sus \u00ab\u00a0d\u00e9zoome\u00a0\u00bb en quelque sorte, il prend de la hauteur pour \u00e9largir son champ de vision, c\u2019est pourquoi \u2026 <a class=\"continue-reading-link\" href=\"https:\/\/levangilealecran.com\/?p=2230\"> Continue reading <span class=\"meta-nav\">&rarr; <\/span><\/a><\/p>\n","protected":false},"author":2006,"featured_media":0,"comment_status":"open","ping_status":"open","sticky":false,"template":"","format":"standard","meta":{"footnotes":""},"categories":[4,7],"tags":[56,77,26,80,818,819],"class_list":["post-2230","post","type-post","status-publish","format-standard","hentry","category-dimanche","category-marc","tag-actes","tag-annoncer","tag-confiance","tag-evangile","tag-predication","tag-proclamer"],"_links":{"self":[{"href":"https:\/\/levangilealecran.com\/index.php?rest_route=\/wp\/v2\/posts\/2230","targetHints":{"allow":["GET"]}}],"collection":[{"href":"https:\/\/levangilealecran.com\/index.php?rest_route=\/wp\/v2\/posts"}],"about":[{"href":"https:\/\/levangilealecran.com\/index.php?rest_route=\/wp\/v2\/types\/post"}],"author":[{"embeddable":true,"href":"https:\/\/levangilealecran.com\/index.php?rest_route=\/wp\/v2\/users\/2006"}],"replies":[{"embeddable":true,"href":"https:\/\/levangilealecran.com\/index.php?rest_route=%2Fwp%2Fv2%2Fcomments&post=2230"}],"version-history":[{"count":1,"href":"https:\/\/levangilealecran.com\/index.php?rest_route=\/wp\/v2\/posts\/2230\/revisions"}],"predecessor-version":[{"id":2232,"href":"https:\/\/levangilealecran.com\/index.php?rest_route=\/wp\/v2\/posts\/2230\/revisions\/2232"}],"wp:attachment":[{"href":"https:\/\/levangilealecran.com\/index.php?rest_route=%2Fwp%2Fv2%2Fmedia&parent=2230"}],"wp:term":[{"taxonomy":"category","embeddable":true,"href":"https:\/\/levangilealecran.com\/index.php?rest_route=%2Fwp%2Fv2%2Fcategories&post=2230"},{"taxonomy":"post_tag","embeddable":true,"href":"https:\/\/levangilealecran.com\/index.php?rest_route=%2Fwp%2Fv2%2Ftags&post=2230"}],"curies":[{"name":"wp","href":"https:\/\/api.w.org\/{rel}","templated":true}]}}