{"id":2227,"date":"2021-01-29T08:00:00","date_gmt":"2021-01-29T07:00:00","guid":{"rendered":"https:\/\/levangilealecran.com\/?p=2227"},"modified":"2021-01-28T21:58:38","modified_gmt":"2021-01-28T20:58:38","slug":"4e-dimanche-du-temps-ordinaire-31-janvier-2021-b","status":"publish","type":"post","link":"https:\/\/levangilealecran.com\/?p=2227","title":{"rendered":"4e dimanche du temps ordinaire \u2013 31 janvier 2021 \u2013 B"},"content":{"rendered":"\n<blockquote class=\"wp-block-quote is-layout-flow wp-block-quote-is-layout-flow\"><p>\u00ab\u00a0Voil\u00e0 un enseignement nouveau,\u00a0donn\u00e9 avec autorit\u00e9 !\u00a0\u00bb<\/p><cite>Marc 1,27<\/cite><\/blockquote>\n\n\n\n<figure class=\"wp-block-image size-large\"><a href=\"https:\/\/levangilealecran.com\/wp-content\/uploads\/2021\/01\/pexels-august-de-richelieu-4427543-scaled.jpg\"><img loading=\"lazy\" decoding=\"async\" width=\"684\" height=\"1024\" src=\"https:\/\/levangilealecran.com\/wp-content\/uploads\/2021\/01\/pexels-august-de-richelieu-4427543-684x1024.jpg\" alt=\"\" class=\"wp-image-2228\" srcset=\"https:\/\/levangilealecran.com\/wp-content\/uploads\/2021\/01\/pexels-august-de-richelieu-4427543-684x1024.jpg 684w, https:\/\/levangilealecran.com\/wp-content\/uploads\/2021\/01\/pexels-august-de-richelieu-4427543-200x300.jpg 200w, https:\/\/levangilealecran.com\/wp-content\/uploads\/2021\/01\/pexels-august-de-richelieu-4427543-768x1151.jpg 768w, https:\/\/levangilealecran.com\/wp-content\/uploads\/2021\/01\/pexels-august-de-richelieu-4427543-600x899.jpg 600w, https:\/\/levangilealecran.com\/wp-content\/uploads\/2021\/01\/pexels-august-de-richelieu-4427543-1025x1536.jpg 1025w, https:\/\/levangilealecran.com\/wp-content\/uploads\/2021\/01\/pexels-august-de-richelieu-4427543-1367x2048.jpg 1367w, https:\/\/levangilealecran.com\/wp-content\/uploads\/2021\/01\/pexels-august-de-richelieu-4427543-100x150.jpg 100w, https:\/\/levangilealecran.com\/wp-content\/uploads\/2021\/01\/pexels-august-de-richelieu-4427543-1320x1978.jpg 1320w, https:\/\/levangilealecran.com\/wp-content\/uploads\/2021\/01\/pexels-august-de-richelieu-4427543-scaled.jpg 1709w\" sizes=\"auto, (max-width: 684px) 100vw, 684px\" \/><\/a><\/figure>\n\n\n\n<p class=\"wp-block-paragraph\"><strong>> Je suis assis dans la synagogue de\u00a0Capharna\u00fcm le jour du sabbat. Je regarde J\u00e9sus entrer avec les quatre p\u00eacheurs du coin qui venaient de tout quitter pour le suivre. J\u00e9sus lit les \u00c9critures juives. Il enseigne avec autorit\u00e9 et il nous impressionne tous profond\u00e9ment.\u00a0<\/strong><\/p>\n\n\n\n<p class=\"wp-block-paragraph\"><strong>Soudain, on entend le cri aigu d&rsquo;un homme, J\u00e9sus fait taire sa souffrance et expulse calmement un esprit impur. Il le rend \u00e0\u00a0nouveau auteur de son existence ! L&rsquo;homme se trouve relanc\u00e9 dans son r\u00e9cit de vie\u2026 C&rsquo;est lui qui va \u00e0\u00a0nouveau tenir la plume de son histoire.<\/strong><\/p>\n\n\n\n<p class=\"wp-block-paragraph\"><strong>Seigneur, abrite-moi de ton autorit\u00e9 pour affronter les situations d\u00e9shumanisantes,<br>Pour faire jaillir du neuf l\u00e0\u00a0o\u00f9 je ne voyais que des impasses et de la souffrance qui criait&#8230;<br>Pour \u00e9crire la suite d&rsquo;une histoire qui apparaissait inachev\u00e9e !<\/strong><\/p>\n","protected":false},"excerpt":{"rendered":"<p>\u00ab\u00a0Voil\u00e0 un enseignement nouveau,\u00a0donn\u00e9 avec autorit\u00e9 !\u00a0\u00bb Marc 1,27 > Je suis assis dans la synagogue de\u00a0Capharna\u00fcm le jour du sabbat. Je regarde J\u00e9sus entrer avec les quatre p\u00eacheurs du coin qui venaient de tout quitter pour le suivre. J\u00e9sus lit les \u00c9critures juives. Il enseigne avec autorit\u00e9 et il nous impressionne tous profond\u00e9ment.\u00a0 Soudain, on entend le cri aigu d&rsquo;un homme, J\u00e9sus fait taire sa souffrance et expulse calmement un esprit impur. Il le rend \u00e0\u00a0nouveau auteur de son existence ! L&rsquo;homme se trouve relanc\u00e9 dans son r\u00e9cit de vie\u2026 C&rsquo;est lui qui va \u00e0\u00a0nouveau tenir la plume de son histoire. Seigneur, abrite-moi de ton autorit\u00e9 pour affronter les \u2026 <a class=\"continue-reading-link\" href=\"https:\/\/levangilealecran.com\/?p=2227\"> Continue reading <span class=\"meta-nav\">&rarr; <\/span><\/a><\/p>\n","protected":false},"author":2006,"featured_media":0,"comment_status":"open","ping_status":"open","sticky":false,"template":"","format":"standard","meta":{"footnotes":""},"categories":[4,7],"tags":[154,817,370,253],"class_list":["post-2227","post","type-post","status-publish","format-standard","hentry","category-dimanche","category-marc","tag-autorite","tag-ecrire","tag-enseigner","tag-souffrance"],"_links":{"self":[{"href":"https:\/\/levangilealecran.com\/index.php?rest_route=\/wp\/v2\/posts\/2227","targetHints":{"allow":["GET"]}}],"collection":[{"href":"https:\/\/levangilealecran.com\/index.php?rest_route=\/wp\/v2\/posts"}],"about":[{"href":"https:\/\/levangilealecran.com\/index.php?rest_route=\/wp\/v2\/types\/post"}],"author":[{"embeddable":true,"href":"https:\/\/levangilealecran.com\/index.php?rest_route=\/wp\/v2\/users\/2006"}],"replies":[{"embeddable":true,"href":"https:\/\/levangilealecran.com\/index.php?rest_route=%2Fwp%2Fv2%2Fcomments&post=2227"}],"version-history":[{"count":1,"href":"https:\/\/levangilealecran.com\/index.php?rest_route=\/wp\/v2\/posts\/2227\/revisions"}],"predecessor-version":[{"id":2229,"href":"https:\/\/levangilealecran.com\/index.php?rest_route=\/wp\/v2\/posts\/2227\/revisions\/2229"}],"wp:attachment":[{"href":"https:\/\/levangilealecran.com\/index.php?rest_route=%2Fwp%2Fv2%2Fmedia&parent=2227"}],"wp:term":[{"taxonomy":"category","embeddable":true,"href":"https:\/\/levangilealecran.com\/index.php?rest_route=%2Fwp%2Fv2%2Fcategories&post=2227"},{"taxonomy":"post_tag","embeddable":true,"href":"https:\/\/levangilealecran.com\/index.php?rest_route=%2Fwp%2Fv2%2Ftags&post=2227"}],"curies":[{"name":"wp","href":"https:\/\/api.w.org\/{rel}","templated":true}]}}