{"id":2206,"date":"2021-01-08T10:07:43","date_gmt":"2021-01-08T09:07:43","guid":{"rendered":"https:\/\/levangilealecran.com\/?p=2206"},"modified":"2021-01-08T10:18:00","modified_gmt":"2021-01-08T09:18:00","slug":"dimanche-10-janvier-2021-b-bapteme-du-seigneur","status":"publish","type":"post","link":"https:\/\/levangilealecran.com\/?p=2206","title":{"rendered":"Dimanche 10 janvier 2021 &#8211; B &#8211; Bapt\u00eame du Seigneur"},"content":{"rendered":"\n<blockquote class=\"wp-block-quote is-layout-flow wp-block-quote-is-layout-flow\"><p>\u00ab Tu es mon Fils bien-aim\u00e9, en toi je trouve ma joie ! \u00bb<\/p><cite>Mc 1,11<\/cite><\/blockquote>\n\n\n\n<figure class=\"wp-block-image size-large\"><img loading=\"lazy\" decoding=\"async\" width=\"965\" height=\"641\" src=\"https:\/\/levangilealecran.com\/wp-content\/uploads\/2021\/01\/Mc-1-11.jpg\" alt=\"\" class=\"wp-image-2207\" srcset=\"https:\/\/levangilealecran.com\/wp-content\/uploads\/2021\/01\/Mc-1-11.jpg 965w, https:\/\/levangilealecran.com\/wp-content\/uploads\/2021\/01\/Mc-1-11-300x199.jpg 300w, https:\/\/levangilealecran.com\/wp-content\/uploads\/2021\/01\/Mc-1-11-768x510.jpg 768w, https:\/\/levangilealecran.com\/wp-content\/uploads\/2021\/01\/Mc-1-11-600x399.jpg 600w, https:\/\/levangilealecran.com\/wp-content\/uploads\/2021\/01\/Mc-1-11-150x100.jpg 150w, https:\/\/levangilealecran.com\/wp-content\/uploads\/2021\/01\/Mc-1-11-226x150.jpg 226w\" sizes=\"auto, (max-width: 965px) 100vw, 965px\" \/><\/figure>\n\n\n\n<p class=\"wp-block-paragraph\"><strong>&gt; Tels sont les mots prononc\u00e9s par la voix du P\u00e8re au moment o\u00f9 J\u00e9sus remonte des eaux du bapt\u00eame. Avons-nous conscience qu\u2019\u00e0 notre propre bapt\u00eame, le P\u00e8re nous a dit, \u00e0 nous aussi, \u00ab Tu es mon fils \/ ma fille bien-aim\u00e9\/e, en toi je trouve ma joie ? \u00bb<\/strong><\/p>\n\n\n\n<p class=\"wp-block-paragraph\"><strong>Nos Bibles traduisent la deuxi\u00e8me partie de la phrase par des expressions ampoul\u00e9es du style \u00ab je me suis complu \u00bb ou \u00ab il m\u2019a plus de te choisir \u00bb ou encore \u00ab tu as toute ma faveur \u00bb. J\u2019aime beaucoup cette traduction toute simple de la Bible liturgique : \u00ab Je trouve ma joie \u00bb, qui fait droit, d\u2019ailleurs, au mot grec d\u2019origine dans lequel se trouve une notion de joie, de plaisir.<\/strong><\/p>\n\n\n\n<p class=\"wp-block-paragraph\"><strong>Dieu met sa joie en chacun de nous. Je souhaite que cette joie soit contagieuse bien plus que le CoVid, que jamais on ne trouve de vaccin contre elle, et qu\u2019on puisse la r\u00e9pandre largement autour de nous cette semaine !<\/strong><\/p>\n","protected":false},"excerpt":{"rendered":"<p>\u00ab Tu es mon Fils bien-aim\u00e9, en toi je trouve ma joie ! \u00bb Mc 1,11 &gt; Tels sont les mots prononc\u00e9s par la voix du P\u00e8re au moment o\u00f9 J\u00e9sus remonte des eaux du bapt\u00eame. Avons-nous conscience qu\u2019\u00e0 notre propre bapt\u00eame, le P\u00e8re nous a dit, \u00e0 nous aussi, \u00ab Tu es mon fils \/ ma fille bien-aim\u00e9\/e, en toi je trouve ma joie ? \u00bb Nos Bibles traduisent la deuxi\u00e8me partie de la phrase par des expressions ampoul\u00e9es du style \u00ab je me suis complu \u00bb ou \u00ab il m\u2019a plus de te choisir \u00bb ou encore \u00ab tu as toute ma faveur \u00bb. J\u2019aime beaucoup cette traduction \u2026 <a class=\"continue-reading-link\" href=\"https:\/\/levangilealecran.com\/?p=2206\"> Continue reading <span class=\"meta-nav\">&rarr; <\/span><\/a><\/p>\n","protected":false},"author":2006,"featured_media":0,"comment_status":"open","ping_status":"open","sticky":false,"template":"","format":"standard","meta":{"footnotes":""},"categories":[4,7],"tags":[226,813,75,814],"class_list":["post-2206","post","type-post","status-publish","format-standard","hentry","category-dimanche","category-marc","tag-bapteme","tag-fils-bien-aime","tag-joie","tag-virus"],"_links":{"self":[{"href":"https:\/\/levangilealecran.com\/index.php?rest_route=\/wp\/v2\/posts\/2206","targetHints":{"allow":["GET"]}}],"collection":[{"href":"https:\/\/levangilealecran.com\/index.php?rest_route=\/wp\/v2\/posts"}],"about":[{"href":"https:\/\/levangilealecran.com\/index.php?rest_route=\/wp\/v2\/types\/post"}],"author":[{"embeddable":true,"href":"https:\/\/levangilealecran.com\/index.php?rest_route=\/wp\/v2\/users\/2006"}],"replies":[{"embeddable":true,"href":"https:\/\/levangilealecran.com\/index.php?rest_route=%2Fwp%2Fv2%2Fcomments&post=2206"}],"version-history":[{"count":2,"href":"https:\/\/levangilealecran.com\/index.php?rest_route=\/wp\/v2\/posts\/2206\/revisions"}],"predecessor-version":[{"id":2209,"href":"https:\/\/levangilealecran.com\/index.php?rest_route=\/wp\/v2\/posts\/2206\/revisions\/2209"}],"wp:attachment":[{"href":"https:\/\/levangilealecran.com\/index.php?rest_route=%2Fwp%2Fv2%2Fmedia&parent=2206"}],"wp:term":[{"taxonomy":"category","embeddable":true,"href":"https:\/\/levangilealecran.com\/index.php?rest_route=%2Fwp%2Fv2%2Fcategories&post=2206"},{"taxonomy":"post_tag","embeddable":true,"href":"https:\/\/levangilealecran.com\/index.php?rest_route=%2Fwp%2Fv2%2Ftags&post=2206"}],"curies":[{"name":"wp","href":"https:\/\/api.w.org\/{rel}","templated":true}]}}