{"id":2199,"date":"2020-12-24T18:00:00","date_gmt":"2020-12-24T17:00:00","guid":{"rendered":"https:\/\/levangilealecran.com\/?p=2199"},"modified":"2020-12-24T08:12:44","modified_gmt":"2020-12-24T07:12:44","slug":"noel-25-decembre-2020-b","status":"publish","type":"post","link":"https:\/\/levangilealecran.com\/?p=2199","title":{"rendered":"No\u00ebl &#8211; 25 d\u00e9cembre 2020 &#8211; B"},"content":{"rendered":"\n<p class=\"wp-block-paragraph\">\u00ab A tous ceux qui l\u2019ont re\u00e7ue, cette lumi\u00e8re , elle a donn\u00e9 le pouvoir de devenir enfant de Dieu, \u00e0&nbsp;ceux qui mettent foi en son nom \u00bb&nbsp;(Jean 1,12)<\/p>\n\n\n\n<figure class=\"wp-block-image size-large\"><img loading=\"lazy\" decoding=\"async\" width=\"1024\" height=\"623\" src=\"https:\/\/levangilealecran.com\/wp-content\/uploads\/2020\/12\/processed-1024x623.jpeg\" alt=\"\" class=\"wp-image-2200\" srcset=\"https:\/\/levangilealecran.com\/wp-content\/uploads\/2020\/12\/processed-1024x623.jpeg 1024w, https:\/\/levangilealecran.com\/wp-content\/uploads\/2020\/12\/processed-300x182.jpeg 300w, https:\/\/levangilealecran.com\/wp-content\/uploads\/2020\/12\/processed-768x467.jpeg 768w, https:\/\/levangilealecran.com\/wp-content\/uploads\/2020\/12\/processed-600x365.jpeg 600w, https:\/\/levangilealecran.com\/wp-content\/uploads\/2020\/12\/processed-1536x934.jpeg 1536w, https:\/\/levangilealecran.com\/wp-content\/uploads\/2020\/12\/processed-150x91.jpeg 150w, https:\/\/levangilealecran.com\/wp-content\/uploads\/2020\/12\/processed-247x150.jpeg 247w, https:\/\/levangilealecran.com\/wp-content\/uploads\/2020\/12\/processed.jpeg 1906w\" sizes=\"auto, (max-width: 1024px) 100vw, 1024px\" \/><\/figure>\n\n\n\n<p class=\"wp-block-paragraph\"><strong>> Parole et lumi\u00e8re \u00e0 la place des anges, des bergers et des mages&#8230;. Parole et lumi\u00e8re comme signes d&rsquo;un nouveau commencement! Accepter la Parole, s\u2019ouvrir \u00e0 la lumi\u00e8re, c\u2019est discerner dans l&rsquo;enfant de No\u00ebl la vraie lumi\u00e8re, celle qui ouvre le chemin d\u2019une vie v\u00e9ritable, lumineuse et\u00a0bonne.\u00a0<\/strong><\/p>\n\n\n\n<p class=\"wp-block-paragraph\"><strong>Mais comment devenir enfant de Dieu ?<\/strong><\/p>\n\n\n\n<p class=\"wp-block-paragraph\"><strong>Jean le pr\u00e9cise : non pas en s\u2019adossant \u00e0 un vouloir humain, en fondant nos\u00a0existences dans le d\u00e9sir d\u2019autres humains; mais rena\u00eetre est possible en s&rsquo;appuyant sur le\u00a0d\u00e9sir et la volont\u00e9 que Dieu met en mouvement pour chacun de nous, pour que nous\u00a0dansions\u00a0nos vies!<\/strong><\/p>\n\n\n\n<p class=\"wp-block-paragraph\"><strong>Et si No\u00ebl, cette ann\u00e9e plus que toute autre, c\u2019\u00e9tait rena\u00eetre d\u2019en haut pour pouvoir simplement\u00a0relever la t\u00eate et ouvrir un chemin de lumi\u00e8re ?<\/strong><\/p>\n\n\n\n<p class=\"wp-block-paragraph\"><strong>Joyeux Noel!<\/strong><\/p>\n","protected":false},"excerpt":{"rendered":"<p>\u00ab A tous ceux qui l\u2019ont re\u00e7ue, cette lumi\u00e8re , elle a donn\u00e9 le pouvoir de devenir enfant de Dieu, \u00e0&nbsp;ceux qui mettent foi en son nom \u00bb&nbsp;(Jean 1,12) > Parole et lumi\u00e8re \u00e0 la place des anges, des bergers et des mages&#8230;. Parole et lumi\u00e8re comme signes d&rsquo;un nouveau commencement! Accepter la Parole, s\u2019ouvrir \u00e0 la lumi\u00e8re, c\u2019est discerner dans l&rsquo;enfant de No\u00ebl la vraie lumi\u00e8re, celle qui ouvre le chemin d\u2019une vie v\u00e9ritable, lumineuse et\u00a0bonne.\u00a0 Mais comment devenir enfant de Dieu ? Jean le pr\u00e9cise : non pas en s\u2019adossant \u00e0 un vouloir humain, en fondant nos\u00a0existences dans le d\u00e9sir d\u2019autres humains; mais rena\u00eetre est possible en s&rsquo;appuyant \u2026 <a class=\"continue-reading-link\" href=\"https:\/\/levangilealecran.com\/?p=2199\"> Continue reading <span class=\"meta-nav\">&rarr; <\/span><\/a><\/p>\n","protected":false},"author":2006,"featured_media":0,"comment_status":"open","ping_status":"open","sticky":false,"template":"","format":"standard","meta":{"footnotes":""},"categories":[4,5,201],"tags":[808,674,237,435,39,809],"class_list":["post-2199","post","type-post","status-publish","format-standard","hentry","category-dimanche","category-jean","category-noel","tag-chemin-de-vie","tag-enfants-de-dieu","tag-lumiere","tag-noel","tag-parole","tag-renaitre"],"_links":{"self":[{"href":"https:\/\/levangilealecran.com\/index.php?rest_route=\/wp\/v2\/posts\/2199","targetHints":{"allow":["GET"]}}],"collection":[{"href":"https:\/\/levangilealecran.com\/index.php?rest_route=\/wp\/v2\/posts"}],"about":[{"href":"https:\/\/levangilealecran.com\/index.php?rest_route=\/wp\/v2\/types\/post"}],"author":[{"embeddable":true,"href":"https:\/\/levangilealecran.com\/index.php?rest_route=\/wp\/v2\/users\/2006"}],"replies":[{"embeddable":true,"href":"https:\/\/levangilealecran.com\/index.php?rest_route=%2Fwp%2Fv2%2Fcomments&post=2199"}],"version-history":[{"count":1,"href":"https:\/\/levangilealecran.com\/index.php?rest_route=\/wp\/v2\/posts\/2199\/revisions"}],"predecessor-version":[{"id":2201,"href":"https:\/\/levangilealecran.com\/index.php?rest_route=\/wp\/v2\/posts\/2199\/revisions\/2201"}],"wp:attachment":[{"href":"https:\/\/levangilealecran.com\/index.php?rest_route=%2Fwp%2Fv2%2Fmedia&parent=2199"}],"wp:term":[{"taxonomy":"category","embeddable":true,"href":"https:\/\/levangilealecran.com\/index.php?rest_route=%2Fwp%2Fv2%2Fcategories&post=2199"},{"taxonomy":"post_tag","embeddable":true,"href":"https:\/\/levangilealecran.com\/index.php?rest_route=%2Fwp%2Fv2%2Ftags&post=2199"}],"curies":[{"name":"wp","href":"https:\/\/api.w.org\/{rel}","templated":true}]}}