{"id":2196,"date":"2020-12-26T08:00:00","date_gmt":"2020-12-26T07:00:00","guid":{"rendered":"https:\/\/levangilealecran.com\/?p=2196"},"modified":"2020-12-22T08:55:11","modified_gmt":"2020-12-22T07:55:11","slug":"dimanche-27-decembre-2020-b-sainte-famille","status":"publish","type":"post","link":"https:\/\/levangilealecran.com\/?p=2196","title":{"rendered":"Dimanche 27 d\u00e9cembre 2020 &#8211; B &#8211; Sainte Famille"},"content":{"rendered":"\n<blockquote class=\"wp-block-quote is-layout-flow wp-block-quote-is-layout-flow\"><p>\u00ab\u00a0Sym\u00e9on re\u00e7ut l\u2019enfant dans ses bras, et il b\u00e9nit Dieu \u00bb<\/p><cite>Luc 2,28<\/cite><\/blockquote>\n\n\n\n<figure class=\"wp-block-image size-large\"><img loading=\"lazy\" decoding=\"async\" width=\"600\" height=\"600\" src=\"https:\/\/levangilealecran.com\/wp-content\/uploads\/2020\/12\/ImageEvEcr2020_12_27.jpg\" alt=\"\" class=\"wp-image-2197\" srcset=\"https:\/\/levangilealecran.com\/wp-content\/uploads\/2020\/12\/ImageEvEcr2020_12_27.jpg 600w, https:\/\/levangilealecran.com\/wp-content\/uploads\/2020\/12\/ImageEvEcr2020_12_27-300x300.jpg 300w, https:\/\/levangilealecran.com\/wp-content\/uploads\/2020\/12\/ImageEvEcr2020_12_27-150x150.jpg 150w\" sizes=\"auto, (max-width: 600px) 100vw, 600px\" \/><\/figure>\n\n\n\n<p class=\"wp-block-paragraph\"><strong>> Sym\u00e9on prend l\u2019enfant J\u00e9sus comme un cadeau. Il le re\u00e7oit, non comme on peut parfois se saisir d\u2019un bien, mais il l\u2019accueillie, avec reconnaissance. Lui l\u2019homme avanc\u00e9 en \u00e2ge qui attendait tant ce Sauveur qu\u2019il ne pourrait pas voir la mort avant de l\u2019avoir vu, a le c\u0153ur en joie\u00a0: il b\u00e9nit Dieu, en signe d\u2019action de gr\u00e2ce et de confession de foi. Dans cet \u00e9pisode, naissance et fin de vie terrestre se croisent, comme pour rappeler le sens de la vie.<\/strong><\/p>\n\n\n\n<p class=\"wp-block-paragraph\"><strong>La vie d\u2019un b\u00e9b\u00e9 est toujours un miracle. Un cadeau de Dieu. Et cette naissance-ci va tout changer. En sommes-nous toujours conscients comme l\u2019\u00e9tait Sym\u00e9on\u00a0?<\/strong><\/p>\n\n\n\n<p class=\"wp-block-paragraph\"><strong>Prendre dans les bras\u00a0; recevoir un enfant\u00a0; b\u00e9nir Dieu\u00a0: des actions simples, pourtant pas toujours si simples dans ces temps covid\u00e9s o\u00f9 l\u2019on \u00e9vite un maximum les contacts physiques. Pourtant l\u2019Evangile de ce dimanche nous invite \u00e0 nous r\u00e9jouir pour la vie autour de nous, pour les vies des nouveau-n\u00e9s, et en particulier pour la vie de cet enfant J\u00e9sus venu pour nous\u00a0sauver ! Cette semaine, ouvrons nos yeux, comme Sym\u00e9on, pour accueillir en cadeau les vies nouvelles autour de nous\u00a0et tous les signes de vie qui les accompagnent. Et surtout, n\u2019oublions pas\u2026 de b\u00e9nir Dieu\u00a0!<\/strong><\/p>\n\n\n\n<p class=\"wp-block-paragraph\"><strong>B\u00e9nis Dieu, mon \u00e2me\u00a0!<\/strong><\/p>\n","protected":false},"excerpt":{"rendered":"<p>\u00ab\u00a0Sym\u00e9on re\u00e7ut l\u2019enfant dans ses bras, et il b\u00e9nit Dieu \u00bb Luc 2,28 > Sym\u00e9on prend l\u2019enfant J\u00e9sus comme un cadeau. Il le re\u00e7oit, non comme on peut parfois se saisir d\u2019un bien, mais il l\u2019accueillie, avec reconnaissance. Lui l\u2019homme avanc\u00e9 en \u00e2ge qui attendait tant ce Sauveur qu\u2019il ne pourrait pas voir la mort avant de l\u2019avoir vu, a le c\u0153ur en joie\u00a0: il b\u00e9nit Dieu, en signe d\u2019action de gr\u00e2ce et de confession de foi. Dans cet \u00e9pisode, naissance et fin de vie terrestre se croisent, comme pour rappeler le sens de la vie. La vie d\u2019un b\u00e9b\u00e9 est toujours un miracle. Un cadeau de Dieu. Et cette \u2026 <a class=\"continue-reading-link\" href=\"https:\/\/levangilealecran.com\/?p=2196\"> Continue reading <span class=\"meta-nav\">&rarr; <\/span><\/a><\/p>\n","protected":false},"author":2006,"featured_media":0,"comment_status":"open","ping_status":"open","sticky":false,"template":"","format":"standard","meta":{"footnotes":""},"categories":[4,24,6],"tags":[151,200,13,52],"class_list":["post-2196","post","type-post","status-publish","format-standard","hentry","category-dimanche","category-fetes","category-luc","tag-benir","tag-naissance","tag-sauveur","tag-vie"],"_links":{"self":[{"href":"https:\/\/levangilealecran.com\/index.php?rest_route=\/wp\/v2\/posts\/2196","targetHints":{"allow":["GET"]}}],"collection":[{"href":"https:\/\/levangilealecran.com\/index.php?rest_route=\/wp\/v2\/posts"}],"about":[{"href":"https:\/\/levangilealecran.com\/index.php?rest_route=\/wp\/v2\/types\/post"}],"author":[{"embeddable":true,"href":"https:\/\/levangilealecran.com\/index.php?rest_route=\/wp\/v2\/users\/2006"}],"replies":[{"embeddable":true,"href":"https:\/\/levangilealecran.com\/index.php?rest_route=%2Fwp%2Fv2%2Fcomments&post=2196"}],"version-history":[{"count":1,"href":"https:\/\/levangilealecran.com\/index.php?rest_route=\/wp\/v2\/posts\/2196\/revisions"}],"predecessor-version":[{"id":2198,"href":"https:\/\/levangilealecran.com\/index.php?rest_route=\/wp\/v2\/posts\/2196\/revisions\/2198"}],"wp:attachment":[{"href":"https:\/\/levangilealecran.com\/index.php?rest_route=%2Fwp%2Fv2%2Fmedia&parent=2196"}],"wp:term":[{"taxonomy":"category","embeddable":true,"href":"https:\/\/levangilealecran.com\/index.php?rest_route=%2Fwp%2Fv2%2Fcategories&post=2196"},{"taxonomy":"post_tag","embeddable":true,"href":"https:\/\/levangilealecran.com\/index.php?rest_route=%2Fwp%2Fv2%2Ftags&post=2196"}],"curies":[{"name":"wp","href":"https:\/\/api.w.org\/{rel}","templated":true}]}}