{"id":2192,"date":"2020-12-18T08:00:00","date_gmt":"2020-12-18T07:00:00","guid":{"rendered":"https:\/\/levangilealecran.com\/?p=2192"},"modified":"2020-12-17T23:32:48","modified_gmt":"2020-12-17T22:32:48","slug":"4e-dimanche-de-lavent-b-20-decembre-2020","status":"publish","type":"post","link":"https:\/\/levangilealecran.com\/?p=2192","title":{"rendered":"4e dimanche de l\u2019Avent \u2013 B \u2013 20 d\u00e9cembre 2020"},"content":{"rendered":"\n<blockquote class=\"wp-block-quote is-layout-flow wp-block-quote-is-layout-flow\"><p>\u00ab\u00a0Son r\u00e8gne n\u2019aura pas de fin\u00a0\u00bb<\/p><cite>(Luc 1,33)<\/cite><\/blockquote>\n\n\n\n<figure class=\"wp-block-image size-full is-resized\"><img loading=\"lazy\" decoding=\"async\" src=\"https:\/\/levangilealecran.com\/wp-content\/uploads\/2020\/12\/20201220_Lc133.png\" alt=\"\" class=\"wp-image-2193\" width=\"600\" height=\"600\" srcset=\"https:\/\/levangilealecran.com\/wp-content\/uploads\/2020\/12\/20201220_Lc133.png 1200w, https:\/\/levangilealecran.com\/wp-content\/uploads\/2020\/12\/20201220_Lc133-300x300.png 300w, https:\/\/levangilealecran.com\/wp-content\/uploads\/2020\/12\/20201220_Lc133-1024x1024.png 1024w, https:\/\/levangilealecran.com\/wp-content\/uploads\/2020\/12\/20201220_Lc133-150x150.png 150w, https:\/\/levangilealecran.com\/wp-content\/uploads\/2020\/12\/20201220_Lc133-768x768.png 768w, https:\/\/levangilealecran.com\/wp-content\/uploads\/2020\/12\/20201220_Lc133-600x600.png 600w\" sizes=\"auto, (max-width: 600px) 100vw, 600px\" \/><\/figure>\n\n\n\n<p class=\"wp-block-paragraph\"><strong>> Les textes de l\u2019Evangile des dimanches de l\u2019Avent nous pr\u00e9parent pas \u00e0 pas vers le Christ qui vient. Premier dimanche, il nous est recommand\u00e9 de veiller. Deuxi\u00e8me dimanche, Jean annonce le bapt\u00eame de l\u2019Esprit-Saint par Celui qui viendra apr\u00e8s lui. Le troisi\u00e8me dimanche nous demande de pr\u00e9parer la route pour Dieu et finalement, ce quatri\u00e8me dimanche entre dans le vif du sujet. A No\u00ebl nous n\u2019accueillons pas juste un enfant, mais \u2013 myst\u00e8re du credo \u2013 Dieu lui-m\u00eame, un roi dont le r\u00e8gne n\u2019a pas de fin\u00a0!<br><br>Il commence au plus bas de l\u2019\u00e9chelle humaine, mais ne nous leurrons pas, il r\u00e9gnait, r\u00e8gne et r\u00e9gnera\u00a0!<br><br>> Soyons dans l\u2019all\u00e9gresse, la nuit de notre existence re\u00e7oit la Lumi\u00e8re, pour toujours\u00a0! Accueillons-le, c\u00e9l\u00e9brons-le, adorons-le et servons-le\u00a0! Soyez b\u00e9ni \u00e0 l\u2019approche de No\u00ebl.<\/strong><\/p>\n","protected":false},"excerpt":{"rendered":"<p>\u00ab\u00a0Son r\u00e8gne n\u2019aura pas de fin\u00a0\u00bb (Luc 1,33) > Les textes de l\u2019Evangile des dimanches de l\u2019Avent nous pr\u00e9parent pas \u00e0 pas vers le Christ qui vient. Premier dimanche, il nous est recommand\u00e9 de veiller. Deuxi\u00e8me dimanche, Jean annonce le bapt\u00eame de l\u2019Esprit-Saint par Celui qui viendra apr\u00e8s lui. Le troisi\u00e8me dimanche nous demande de pr\u00e9parer la route pour Dieu et finalement, ce quatri\u00e8me dimanche entre dans le vif du sujet. A No\u00ebl nous n\u2019accueillons pas juste un enfant, mais \u2013 myst\u00e8re du credo \u2013 Dieu lui-m\u00eame, un roi dont le r\u00e8gne n\u2019a pas de fin\u00a0! Il commence au plus bas de l\u2019\u00e9chelle humaine, mais ne nous leurrons pas, il \u2026 <a class=\"continue-reading-link\" href=\"https:\/\/levangilealecran.com\/?p=2192\"> Continue reading <span class=\"meta-nav\">&rarr; <\/span><\/a><\/p>\n","protected":false},"author":2005,"featured_media":0,"comment_status":"open","ping_status":"open","sticky":false,"template":"","format":"standard","meta":{"footnotes":""},"categories":[147,6,201],"tags":[237,182],"class_list":["post-2192","post","type-post","status-publish","format-standard","hentry","category-avent-2","category-luc","category-noel","tag-lumiere","tag-roi"],"_links":{"self":[{"href":"https:\/\/levangilealecran.com\/index.php?rest_route=\/wp\/v2\/posts\/2192","targetHints":{"allow":["GET"]}}],"collection":[{"href":"https:\/\/levangilealecran.com\/index.php?rest_route=\/wp\/v2\/posts"}],"about":[{"href":"https:\/\/levangilealecran.com\/index.php?rest_route=\/wp\/v2\/types\/post"}],"author":[{"embeddable":true,"href":"https:\/\/levangilealecran.com\/index.php?rest_route=\/wp\/v2\/users\/2005"}],"replies":[{"embeddable":true,"href":"https:\/\/levangilealecran.com\/index.php?rest_route=%2Fwp%2Fv2%2Fcomments&post=2192"}],"version-history":[{"count":1,"href":"https:\/\/levangilealecran.com\/index.php?rest_route=\/wp\/v2\/posts\/2192\/revisions"}],"predecessor-version":[{"id":2194,"href":"https:\/\/levangilealecran.com\/index.php?rest_route=\/wp\/v2\/posts\/2192\/revisions\/2194"}],"wp:attachment":[{"href":"https:\/\/levangilealecran.com\/index.php?rest_route=%2Fwp%2Fv2%2Fmedia&parent=2192"}],"wp:term":[{"taxonomy":"category","embeddable":true,"href":"https:\/\/levangilealecran.com\/index.php?rest_route=%2Fwp%2Fv2%2Fcategories&post=2192"},{"taxonomy":"post_tag","embeddable":true,"href":"https:\/\/levangilealecran.com\/index.php?rest_route=%2Fwp%2Fv2%2Ftags&post=2192"}],"curies":[{"name":"wp","href":"https:\/\/api.w.org\/{rel}","templated":true}]}}