{"id":2186,"date":"2020-12-11T08:00:00","date_gmt":"2020-12-11T07:00:00","guid":{"rendered":"https:\/\/levangilealecran.com\/?p=2186"},"modified":"2020-12-10T16:03:54","modified_gmt":"2020-12-10T15:03:54","slug":"3e-dimanche-de-lavent-b-13-decembre-2020","status":"publish","type":"post","link":"https:\/\/levangilealecran.com\/?p=2186","title":{"rendered":"3e dimanche de l\u2019Avent \u2013 B \u2013 13 d\u00e9cembre 2020"},"content":{"rendered":"\n<blockquote class=\"wp-block-quote is-layout-flow wp-block-quote-is-layout-flow\"><p>\u00ab\u00a0Jean r\u00e9pondit : \u00ab Je suis \u201cla voix de celui qui crie dans le d\u00e9sert : Redressez le chemin du Seigneur !\u201d \u00bb <\/p><cite>Jean 1,23<\/cite><\/blockquote>\n\n\n\n<figure class=\"wp-block-image size-large\"><img loading=\"lazy\" decoding=\"async\" width=\"945\" height=\"608\" src=\"https:\/\/levangilealecran.com\/wp-content\/uploads\/2020\/12\/The-Voice-Jean-Baptiste-par-Arcabas-.png\" alt=\"\" class=\"wp-image-2187\" srcset=\"https:\/\/levangilealecran.com\/wp-content\/uploads\/2020\/12\/The-Voice-Jean-Baptiste-par-Arcabas-.png 945w, https:\/\/levangilealecran.com\/wp-content\/uploads\/2020\/12\/The-Voice-Jean-Baptiste-par-Arcabas--300x193.png 300w, https:\/\/levangilealecran.com\/wp-content\/uploads\/2020\/12\/The-Voice-Jean-Baptiste-par-Arcabas--768x494.png 768w, https:\/\/levangilealecran.com\/wp-content\/uploads\/2020\/12\/The-Voice-Jean-Baptiste-par-Arcabas--600x386.png 600w, https:\/\/levangilealecran.com\/wp-content\/uploads\/2020\/12\/The-Voice-Jean-Baptiste-par-Arcabas--150x97.png 150w, https:\/\/levangilealecran.com\/wp-content\/uploads\/2020\/12\/The-Voice-Jean-Baptiste-par-Arcabas--233x150.png 233w\" sizes=\"auto, (max-width: 945px) 100vw, 945px\" \/><figcaption>The Voice Jean-Baptiste, par Arcabas<\/figcaption><\/figure>\n\n\n\n<p class=\"wp-block-paragraph\">The Voice<\/p>\n\n\n\n<p class=\"wp-block-paragraph\"><strong>> Qui es-tu Jean\u00a0? Tu n\u2019es pas la lumi\u00e8re, tu n\u2019es pas le Christ, ni le proph\u00e8te Elie, ni le proph\u00e8te annonc\u00e9. Curieuse succession de n\u00e9gations.<\/strong><\/p>\n\n\n\n<p class=\"wp-block-paragraph\"><strong>Tu te d\u00e9finis comme \u00ab\u00a0la voix de celui qui crie dans le d\u00e9sert\u00a0\u00bb. Une voix\u00a0? C\u2019est l\u2019identit\u00e9 que tu revendiques. Ta vocation n\u2019est pas d\u2019\u00eatre vu mais d\u2019\u00eatre entendu. Tu ne cherches pas \u00e0 attirer l\u2019attention sur toi. Tu veux \u00eatre entendu. Tu es la voix qui appelle \u00e0 pr\u00e9parer le chemin du Seigneur.<\/strong><\/p>\n\n\n\n<p class=\"wp-block-paragraph\"><strong>Mission toujours actuelle. \u00ab\u00a0Le myst\u00e8re de Jean s\u2019accomplit encore dans le monde\u00a0\u00bb \u00e9crit Orig\u00e8ne, un a\u00een\u00e9 dans la foi.\u00a0<\/strong><\/p>\n\n\n\n<p class=\"wp-block-paragraph\"><strong>Si cette voix retentit encore, savons-nous la reconna\u00eetre dans nos vies quand elle fait entendre son appel \u00e0 la conversion\u00a0? Nous laissons-nous toucher par l\u2019urgence des interpellations que nous lancent les \u00e9v\u00e8nements\u00a0?<\/strong><\/p>\n\n\n\n<p class=\"wp-block-paragraph\"><strong>Si la mission de Jean est toujours actuelle dans le monde, elle a aussi besoin de nous. A nous d\u2019en prolonger l\u2019\u00e9cho. A nous d\u2019inviter \u00e0 suivre le Seigneur sans attacher \u00e0 nous, en nous r\u00e9jouissant de diminuer pour qu\u2019il grandisse (Jean 3, 30).<\/strong><\/p>\n","protected":false},"excerpt":{"rendered":"<p>\u00ab\u00a0Jean r\u00e9pondit : \u00ab Je suis \u201cla voix de celui qui crie dans le d\u00e9sert : Redressez le chemin du Seigneur !\u201d \u00bb Jean 1,23 The Voice > Qui es-tu Jean\u00a0? Tu n\u2019es pas la lumi\u00e8re, tu n\u2019es pas le Christ, ni le proph\u00e8te Elie, ni le proph\u00e8te annonc\u00e9. Curieuse succession de n\u00e9gations. Tu te d\u00e9finis comme \u00ab\u00a0la voix de celui qui crie dans le d\u00e9sert\u00a0\u00bb. Une voix\u00a0? C\u2019est l\u2019identit\u00e9 que tu revendiques. Ta vocation n\u2019est pas d\u2019\u00eatre vu mais d\u2019\u00eatre entendu. Tu ne cherches pas \u00e0 attirer l\u2019attention sur toi. Tu veux \u00eatre entendu. Tu es la voix qui appelle \u00e0 pr\u00e9parer le chemin du Seigneur. Mission toujours actuelle. \u2026 <a class=\"continue-reading-link\" href=\"https:\/\/levangilealecran.com\/?p=2186\"> Continue reading <span class=\"meta-nav\">&rarr; <\/span><\/a><\/p>\n","protected":false},"author":2006,"featured_media":0,"comment_status":"open","ping_status":"open","sticky":false,"template":"","format":"standard","meta":{"footnotes":""},"categories":[147,4],"tags":[99,357,626,330],"class_list":["post-2186","post","type-post","status-publish","format-standard","hentry","category-avent-2","category-dimanche","tag-appel","tag-conversion","tag-preparer","tag-voix"],"_links":{"self":[{"href":"https:\/\/levangilealecran.com\/index.php?rest_route=\/wp\/v2\/posts\/2186","targetHints":{"allow":["GET"]}}],"collection":[{"href":"https:\/\/levangilealecran.com\/index.php?rest_route=\/wp\/v2\/posts"}],"about":[{"href":"https:\/\/levangilealecran.com\/index.php?rest_route=\/wp\/v2\/types\/post"}],"author":[{"embeddable":true,"href":"https:\/\/levangilealecran.com\/index.php?rest_route=\/wp\/v2\/users\/2006"}],"replies":[{"embeddable":true,"href":"https:\/\/levangilealecran.com\/index.php?rest_route=%2Fwp%2Fv2%2Fcomments&post=2186"}],"version-history":[{"count":3,"href":"https:\/\/levangilealecran.com\/index.php?rest_route=\/wp\/v2\/posts\/2186\/revisions"}],"predecessor-version":[{"id":2190,"href":"https:\/\/levangilealecran.com\/index.php?rest_route=\/wp\/v2\/posts\/2186\/revisions\/2190"}],"wp:attachment":[{"href":"https:\/\/levangilealecran.com\/index.php?rest_route=%2Fwp%2Fv2%2Fmedia&parent=2186"}],"wp:term":[{"taxonomy":"category","embeddable":true,"href":"https:\/\/levangilealecran.com\/index.php?rest_route=%2Fwp%2Fv2%2Fcategories&post=2186"},{"taxonomy":"post_tag","embeddable":true,"href":"https:\/\/levangilealecran.com\/index.php?rest_route=%2Fwp%2Fv2%2Ftags&post=2186"}],"curies":[{"name":"wp","href":"https:\/\/api.w.org\/{rel}","templated":true}]}}