{"id":2182,"date":"2020-12-04T08:00:00","date_gmt":"2020-12-04T07:00:00","guid":{"rendered":"https:\/\/levangilealecran.com\/?p=2182"},"modified":"2020-12-02T16:42:55","modified_gmt":"2020-12-02T15:42:55","slug":"2e-dimanche-de-lavent-b-6-decembre-2020","status":"publish","type":"post","link":"https:\/\/levangilealecran.com\/?p=2182","title":{"rendered":"2e dimanche de l\u2019Avent \u2013 B \u2013 6 d\u00e9cembre 2020"},"content":{"rendered":"\n<blockquote class=\"wp-block-quote is-layout-flow wp-block-quote-is-layout-flow\"><p>\u00ab\u00a0Moi, je vous ai baptis\u00e9s avec de l\u2019eau ;<br>lui vous baptisera dans l\u2019Esprit Saint. \u00bb <\/p><cite>(Mc 1,8)<\/cite><\/blockquote>\n\n\n\n<figure class=\"wp-block-image size-large\"><img loading=\"lazy\" decoding=\"async\" width=\"1024\" height=\"605\" src=\"https:\/\/levangilealecran.com\/wp-content\/uploads\/2020\/12\/EALE-Mc-1-8-1024x605.png\" alt=\"\" class=\"wp-image-2183\" srcset=\"https:\/\/levangilealecran.com\/wp-content\/uploads\/2020\/12\/EALE-Mc-1-8-1024x605.png 1024w, https:\/\/levangilealecran.com\/wp-content\/uploads\/2020\/12\/EALE-Mc-1-8-300x177.png 300w, https:\/\/levangilealecran.com\/wp-content\/uploads\/2020\/12\/EALE-Mc-1-8-768x454.png 768w, https:\/\/levangilealecran.com\/wp-content\/uploads\/2020\/12\/EALE-Mc-1-8-600x355.png 600w, https:\/\/levangilealecran.com\/wp-content\/uploads\/2020\/12\/EALE-Mc-1-8-1536x908.png 1536w, https:\/\/levangilealecran.com\/wp-content\/uploads\/2020\/12\/EALE-Mc-1-8-150x89.png 150w, https:\/\/levangilealecran.com\/wp-content\/uploads\/2020\/12\/EALE-Mc-1-8-250x148.png 250w, https:\/\/levangilealecran.com\/wp-content\/uploads\/2020\/12\/EALE-Mc-1-8.png 1621w\" sizes=\"auto, (max-width: 1024px) 100vw, 1024px\" \/><\/figure>\n\n\n\n<p class=\"wp-block-paragraph\"><strong>\u2026r\u00e9activer l\u2019Esprit de notre bapt\u00eame\u2026<\/strong><\/p>\n\n\n\n<p class=\"wp-block-paragraph\"><strong>> Jean le Baptiste pr\u00e9cise que, si lui ne baptise que dans l\u2019eau, J\u00e9sus baptise dans l\u2019Esprit. Pour chacun de nous, si nous sommes baptis\u00e9s, qu\u2019est-ce que cela signifie\u00a0? Car nous avons \u00e9t\u00e9 baptis\u00e9s dans l\u2019eau\u00a0! Y aurait-il un deuxi\u00e8me bapt\u00eame\u00a0? Mais pourtant nous n\u2019avons pas \u00e9t\u00e9 baptis\u00e9s en Jean-Baptiste mais bien en J\u00e9sus\u2026 donc dans l\u2019Esprit\u00a0!<\/strong><\/p>\n\n\n\n<p class=\"wp-block-paragraph\"><strong>> Je crois que l\u2019Esprit est en nous comme le courant \u00e9lectrique circule dans ces pi\u00e8ces munies d\u2019interrupteurs \u00e0 petite diode orange. Le courant est bien l\u00e0, la lumi\u00e8re orange en t\u00e9moigne. Mais tant que l\u2019on ne presse pas sur le bouton, rien ne s\u2019allume. Et si on le fait, la lumi\u00e8re reste un certain temps, puis s\u2019\u00e9teint \u00e0 nouveau.<\/strong><\/p>\n\n\n\n<p class=\"wp-block-paragraph\"><strong>> Quelle est notre mani\u00e8re de r\u00e9activer l\u2019Esprit de notre bapt\u00eame, qui circule en nous\u00a0? Comment appuyons-nous sur cet interrupteur\u00a0? Nous avons chacune, chacun nos moyens pour cela. Ne laissons pas passer cette semaine sans appuyer sur le bouton\u00a0!<\/strong><\/p>\n","protected":false},"excerpt":{"rendered":"<p>\u00ab\u00a0Moi, je vous ai baptis\u00e9s avec de l\u2019eau ;lui vous baptisera dans l\u2019Esprit Saint. \u00bb (Mc 1,8) \u2026r\u00e9activer l\u2019Esprit de notre bapt\u00eame\u2026 > Jean le Baptiste pr\u00e9cise que, si lui ne baptise que dans l\u2019eau, J\u00e9sus baptise dans l\u2019Esprit. Pour chacun de nous, si nous sommes baptis\u00e9s, qu\u2019est-ce que cela signifie\u00a0? Car nous avons \u00e9t\u00e9 baptis\u00e9s dans l\u2019eau\u00a0! Y aurait-il un deuxi\u00e8me bapt\u00eame\u00a0? Mais pourtant nous n\u2019avons pas \u00e9t\u00e9 baptis\u00e9s en Jean-Baptiste mais bien en J\u00e9sus\u2026 donc dans l\u2019Esprit\u00a0! > Je crois que l\u2019Esprit est en nous comme le courant \u00e9lectrique circule dans ces pi\u00e8ces munies d\u2019interrupteurs \u00e0 petite diode orange. Le courant est bien l\u00e0, la lumi\u00e8re orange en \u2026 <a class=\"continue-reading-link\" href=\"https:\/\/levangilealecran.com\/?p=2182\"> Continue reading <span class=\"meta-nav\">&rarr; <\/span><\/a><\/p>\n","protected":false},"author":2006,"featured_media":0,"comment_status":"open","ping_status":"open","sticky":false,"template":"","format":"standard","meta":{"footnotes":""},"categories":[147,4,7],"tags":[226,807,237],"class_list":["post-2182","post","type-post","status-publish","format-standard","hentry","category-avent-2","category-dimanche","category-marc","tag-bapteme","tag-esprit-saint-2","tag-lumiere"],"_links":{"self":[{"href":"https:\/\/levangilealecran.com\/index.php?rest_route=\/wp\/v2\/posts\/2182","targetHints":{"allow":["GET"]}}],"collection":[{"href":"https:\/\/levangilealecran.com\/index.php?rest_route=\/wp\/v2\/posts"}],"about":[{"href":"https:\/\/levangilealecran.com\/index.php?rest_route=\/wp\/v2\/types\/post"}],"author":[{"embeddable":true,"href":"https:\/\/levangilealecran.com\/index.php?rest_route=\/wp\/v2\/users\/2006"}],"replies":[{"embeddable":true,"href":"https:\/\/levangilealecran.com\/index.php?rest_route=%2Fwp%2Fv2%2Fcomments&post=2182"}],"version-history":[{"count":1,"href":"https:\/\/levangilealecran.com\/index.php?rest_route=\/wp\/v2\/posts\/2182\/revisions"}],"predecessor-version":[{"id":2184,"href":"https:\/\/levangilealecran.com\/index.php?rest_route=\/wp\/v2\/posts\/2182\/revisions\/2184"}],"wp:attachment":[{"href":"https:\/\/levangilealecran.com\/index.php?rest_route=%2Fwp%2Fv2%2Fmedia&parent=2182"}],"wp:term":[{"taxonomy":"category","embeddable":true,"href":"https:\/\/levangilealecran.com\/index.php?rest_route=%2Fwp%2Fv2%2Fcategories&post=2182"},{"taxonomy":"post_tag","embeddable":true,"href":"https:\/\/levangilealecran.com\/index.php?rest_route=%2Fwp%2Fv2%2Ftags&post=2182"}],"curies":[{"name":"wp","href":"https:\/\/api.w.org\/{rel}","templated":true}]}}