{"id":2171,"date":"2020-11-13T08:40:34","date_gmt":"2020-11-13T07:40:34","guid":{"rendered":"https:\/\/levangilealecran.com\/?p=2171"},"modified":"2020-11-13T08:41:05","modified_gmt":"2020-11-13T07:41:05","slug":"32e-dimanche-du-temps-ordinaire-a-15-novembre-2020","status":"publish","type":"post","link":"https:\/\/levangilealecran.com\/?p=2171","title":{"rendered":"33e dimanche du temps ordinaire &#8211; A &#8211; 15 novembre 2020"},"content":{"rendered":"\n<blockquote class=\"wp-block-quote is-layout-flow wp-block-quote-is-layout-flow\"><p>\u00ab\u00a0J&rsquo;ai eu peur et je suis all\u00e9 cacher ton talent dans la terre.\u00a0\u00bb<\/p><cite>Matthieu 25,25<\/cite><\/blockquote>\n\n\n\n<figure class=\"wp-block-image size-large\"><img loading=\"lazy\" decoding=\"async\" width=\"819\" height=\"1024\" src=\"https:\/\/levangilealecran.com\/wp-content\/uploads\/2020\/11\/pexels-daria-shevtsova-1030982-819x1024.jpg\" alt=\"\" class=\"wp-image-2172\" srcset=\"https:\/\/levangilealecran.com\/wp-content\/uploads\/2020\/11\/pexels-daria-shevtsova-1030982-819x1024.jpg 819w, https:\/\/levangilealecran.com\/wp-content\/uploads\/2020\/11\/pexels-daria-shevtsova-1030982-240x300.jpg 240w, https:\/\/levangilealecran.com\/wp-content\/uploads\/2020\/11\/pexels-daria-shevtsova-1030982-768x960.jpg 768w, https:\/\/levangilealecran.com\/wp-content\/uploads\/2020\/11\/pexels-daria-shevtsova-1030982-600x750.jpg 600w, https:\/\/levangilealecran.com\/wp-content\/uploads\/2020\/11\/pexels-daria-shevtsova-1030982-1229x1536.jpg 1229w, https:\/\/levangilealecran.com\/wp-content\/uploads\/2020\/11\/pexels-daria-shevtsova-1030982-1639x2048.jpg 1639w, https:\/\/levangilealecran.com\/wp-content\/uploads\/2020\/11\/pexels-daria-shevtsova-1030982-120x150.jpg 120w\" sizes=\"auto, (max-width: 819px) 100vw, 819px\" \/><\/figure>\n\n\n\n<p class=\"wp-block-paragraph\"><strong>&gt; La peur est de saison. Elle est \u00e0 tous les coins de rue, dans les statistiques, dans les d\u00e9comptes de notre actualit\u00e9. Elle focalise toute notre attention alors qu&rsquo;elle est la vertu anti-\u00e9vang\u00e9lique par excellence. Elle nous emp\u00eache de prendre part \u00e0 la croissance du Royaume!<\/strong><\/p>\n\n\n\n<p class=\"wp-block-paragraph\"><strong>Loin de moi l&rsquo;id\u00e9e de vous d\u00e9tourner des gestes barri\u00e8res et de toutes les pr\u00e9cautions n\u00e9cessaires, mais&#8230; prenons le temps ce matin de nous tourner int\u00e9rieurement vers nos charismes et nos talents, ceux que Dieu a mis en nous!! Et de lui demander de les renouveler avec discernement. De nous montrer comment les mettre en oeuvre aujourd&rsquo;hui malgr\u00e9 tout ce qui est emp\u00each\u00e9&#8230;<\/strong><\/p>\n\n\n\n<p class=\"wp-block-paragraph\"><strong>Pour que dans la balance, la peur p\u00e8se moins lourd que la confiance et le d\u00e9sir de servir!Amen!<\/strong><\/p>\n","protected":false},"excerpt":{"rendered":"<p>\u00ab\u00a0J&rsquo;ai eu peur et je suis all\u00e9 cacher ton talent dans la terre.\u00a0\u00bb Matthieu 25,25 &gt; La peur est de saison. Elle est \u00e0 tous les coins de rue, dans les statistiques, dans les d\u00e9comptes de notre actualit\u00e9. Elle focalise toute notre attention alors qu&rsquo;elle est la vertu anti-\u00e9vang\u00e9lique par excellence. Elle nous emp\u00eache de prendre part \u00e0 la croissance du Royaume! Loin de moi l&rsquo;id\u00e9e de vous d\u00e9tourner des gestes barri\u00e8res et de toutes les pr\u00e9cautions n\u00e9cessaires, mais&#8230; prenons le temps ce matin de nous tourner int\u00e9rieurement vers nos charismes et nos talents, ceux que Dieu a mis en nous!! Et de lui demander de les renouveler avec discernement. \u2026 <a class=\"continue-reading-link\" href=\"https:\/\/levangilealecran.com\/?p=2171\"> Continue reading <span class=\"meta-nav\">&rarr; <\/span><\/a><\/p>\n","protected":false},"author":2006,"featured_media":0,"comment_status":"open","ping_status":"open","sticky":false,"template":"","format":"standard","meta":{"footnotes":""},"categories":[724,4,8],"tags":[296,26,319,162,175,58],"class_list":["post-2171","post","type-post","status-publish","format-standard","hentry","category-coronavirus","category-dimanche","category-matthieu","tag-charismes","tag-confiance","tag-dons","tag-peur","tag-royaume","tag-servir"],"_links":{"self":[{"href":"https:\/\/levangilealecran.com\/index.php?rest_route=\/wp\/v2\/posts\/2171","targetHints":{"allow":["GET"]}}],"collection":[{"href":"https:\/\/levangilealecran.com\/index.php?rest_route=\/wp\/v2\/posts"}],"about":[{"href":"https:\/\/levangilealecran.com\/index.php?rest_route=\/wp\/v2\/types\/post"}],"author":[{"embeddable":true,"href":"https:\/\/levangilealecran.com\/index.php?rest_route=\/wp\/v2\/users\/2006"}],"replies":[{"embeddable":true,"href":"https:\/\/levangilealecran.com\/index.php?rest_route=%2Fwp%2Fv2%2Fcomments&post=2171"}],"version-history":[{"count":2,"href":"https:\/\/levangilealecran.com\/index.php?rest_route=\/wp\/v2\/posts\/2171\/revisions"}],"predecessor-version":[{"id":2174,"href":"https:\/\/levangilealecran.com\/index.php?rest_route=\/wp\/v2\/posts\/2171\/revisions\/2174"}],"wp:attachment":[{"href":"https:\/\/levangilealecran.com\/index.php?rest_route=%2Fwp%2Fv2%2Fmedia&parent=2171"}],"wp:term":[{"taxonomy":"category","embeddable":true,"href":"https:\/\/levangilealecran.com\/index.php?rest_route=%2Fwp%2Fv2%2Fcategories&post=2171"},{"taxonomy":"post_tag","embeddable":true,"href":"https:\/\/levangilealecran.com\/index.php?rest_route=%2Fwp%2Fv2%2Ftags&post=2171"}],"curies":[{"name":"wp","href":"https:\/\/api.w.org\/{rel}","templated":true}]}}