{"id":2158,"date":"2020-10-23T08:00:00","date_gmt":"2020-10-23T06:00:00","guid":{"rendered":"https:\/\/levangilealecran.com\/?p=2158"},"modified":"2020-10-21T21:39:59","modified_gmt":"2020-10-21T19:39:59","slug":"30e-dimanche-du-temps-ordinaire-a-25-octobre-2020","status":"publish","type":"post","link":"https:\/\/levangilealecran.com\/?p=2158","title":{"rendered":"30e dimanche du temps ordinaire \u2013 A \u2013 25 octobre 2020"},"content":{"rendered":"\n<blockquote class=\"wp-block-quote is-layout-flow wp-block-quote-is-layout-flow\"><p>\u00ab Tu aimeras ton prochain comme toi-m\u00eame. \u00bb<\/p><cite>Mt 22,39<\/cite><\/blockquote>\n\n\n\n<figure class=\"wp-block-image size-large\"><img loading=\"lazy\" decoding=\"async\" width=\"1024\" height=\"716\" src=\"https:\/\/levangilealecran.com\/wp-content\/uploads\/2020\/10\/Mt-22-39-1024x716.jpg\" alt=\"\" class=\"wp-image-2159\" srcset=\"https:\/\/levangilealecran.com\/wp-content\/uploads\/2020\/10\/Mt-22-39-1024x716.jpg 1024w, https:\/\/levangilealecran.com\/wp-content\/uploads\/2020\/10\/Mt-22-39-300x210.jpg 300w, https:\/\/levangilealecran.com\/wp-content\/uploads\/2020\/10\/Mt-22-39-768x537.jpg 768w, https:\/\/levangilealecran.com\/wp-content\/uploads\/2020\/10\/Mt-22-39-600x420.jpg 600w, https:\/\/levangilealecran.com\/wp-content\/uploads\/2020\/10\/Mt-22-39-150x105.jpg 150w, https:\/\/levangilealecran.com\/wp-content\/uploads\/2020\/10\/Mt-22-39-215x150.jpg 215w, https:\/\/levangilealecran.com\/wp-content\/uploads\/2020\/10\/Mt-22-39.jpg 1144w\" sizes=\"auto, (max-width: 1024px) 100vw, 1024px\" \/><\/figure>\n\n\n\n<p class=\"wp-block-paragraph\"><strong>\u2026et tu t\u2019aimeras donc comme tu aimes ton prochain !<\/strong><\/p>\n\n\n\n<p class=\"wp-block-paragraph\"><strong>> Aimer notre prochain, on conna\u00eet. Au vu du nombre de sollicitations qui aboutissent dans notre bo\u00eete aux lettres, il y a de quoi faire. Mais J\u00e9sus nous propose une belle r\u00e9ciprocit\u00e9 que l\u2019on oublie trop souvent : \u00ab comme toi-m\u00eame \u00bb. Si je me d\u00e9nigre, si je passe mon temps \u00e0 me servir des \u00ab quel idiot ! \u00bb \u00e0 chacune de mes erreurs, voil\u00e0 comment je risque aussi de traiter mon prochain.<\/strong><\/p>\n\n\n\n<p class=\"wp-block-paragraph\"><strong>> Avant de critiquer notre prochain, dressons la liste de ses qualit\u00e9s. \u00c7a nous passe l\u2019envie de critiquer. Et, la prochaine fois que nous faisons une erreur, avant de nous auto-servir un \u00ab quel idiot ! \u00bb, dressons la liste des qualit\u00e9s et charismes que Dieu a mis en nous. \u00c7a nous passera l\u2019envie de nous d\u00e9nigrer ! Ainsi nous nous aimerons nous-m\u00eames pour mieux aimer notre prochain et finalement nous aimer les uns les autres !<\/strong><\/p>\n","protected":false},"excerpt":{"rendered":"<p>\u00ab Tu aimeras ton prochain comme toi-m\u00eame. \u00bb Mt 22,39 \u2026et tu t\u2019aimeras donc comme tu aimes ton prochain ! > Aimer notre prochain, on conna\u00eet. Au vu du nombre de sollicitations qui aboutissent dans notre bo\u00eete aux lettres, il y a de quoi faire. Mais J\u00e9sus nous propose une belle r\u00e9ciprocit\u00e9 que l\u2019on oublie trop souvent : \u00ab comme toi-m\u00eame \u00bb. Si je me d\u00e9nigre, si je passe mon temps \u00e0 me servir des \u00ab quel idiot ! \u00bb \u00e0 chacune de mes erreurs, voil\u00e0 comment je risque aussi de traiter mon prochain. > Avant de critiquer notre prochain, dressons la liste de ses qualit\u00e9s. \u00c7a nous passe l\u2019envie \u2026 <a class=\"continue-reading-link\" href=\"https:\/\/levangilealecran.com\/?p=2158\"> Continue reading <span class=\"meta-nav\">&rarr; <\/span><\/a><\/p>\n","protected":false},"author":2006,"featured_media":0,"comment_status":"open","ping_status":"open","sticky":false,"template":"","format":"standard","meta":{"footnotes":""},"categories":[4,8],"tags":[16,313,763],"class_list":["post-2158","post","type-post","status-publish","format-standard","hentry","category-dimanche","category-matthieu","tag-amour","tag-prochain","tag-reciprocite"],"_links":{"self":[{"href":"https:\/\/levangilealecran.com\/index.php?rest_route=\/wp\/v2\/posts\/2158","targetHints":{"allow":["GET"]}}],"collection":[{"href":"https:\/\/levangilealecran.com\/index.php?rest_route=\/wp\/v2\/posts"}],"about":[{"href":"https:\/\/levangilealecran.com\/index.php?rest_route=\/wp\/v2\/types\/post"}],"author":[{"embeddable":true,"href":"https:\/\/levangilealecran.com\/index.php?rest_route=\/wp\/v2\/users\/2006"}],"replies":[{"embeddable":true,"href":"https:\/\/levangilealecran.com\/index.php?rest_route=%2Fwp%2Fv2%2Fcomments&post=2158"}],"version-history":[{"count":1,"href":"https:\/\/levangilealecran.com\/index.php?rest_route=\/wp\/v2\/posts\/2158\/revisions"}],"predecessor-version":[{"id":2160,"href":"https:\/\/levangilealecran.com\/index.php?rest_route=\/wp\/v2\/posts\/2158\/revisions\/2160"}],"wp:attachment":[{"href":"https:\/\/levangilealecran.com\/index.php?rest_route=%2Fwp%2Fv2%2Fmedia&parent=2158"}],"wp:term":[{"taxonomy":"category","embeddable":true,"href":"https:\/\/levangilealecran.com\/index.php?rest_route=%2Fwp%2Fv2%2Fcategories&post=2158"},{"taxonomy":"post_tag","embeddable":true,"href":"https:\/\/levangilealecran.com\/index.php?rest_route=%2Fwp%2Fv2%2Ftags&post=2158"}],"curies":[{"name":"wp","href":"https:\/\/api.w.org\/{rel}","templated":true}]}}