{"id":2150,"date":"2020-10-09T08:00:00","date_gmt":"2020-10-09T06:00:00","guid":{"rendered":"https:\/\/levangilealecran.com\/?p=2150"},"modified":"2020-10-06T11:06:27","modified_gmt":"2020-10-06T09:06:27","slug":"28e-dimanche-du-temps-ordinaire-a-11-octobre-2020","status":"publish","type":"post","link":"https:\/\/levangilealecran.com\/?p=2150","title":{"rendered":"28e dimanche du temps ordinaire \u2013 A \u2013 11 octobre 2020"},"content":{"rendered":"\n<blockquote class=\"wp-block-quote is-layout-flow wp-block-quote-is-layout-flow\"><p>\u00ab Il envoya ses serviteurs appeler \u00e0 la noce les invit\u00e9s, mais ceux-ci ne voulaient pas venir. Il envoya encore d\u2019autres serviteurs dire aux invit\u00e9s: \u2018Voil\u00e0: j\u2019ai pr\u00e9par\u00e9 mon banquet.\u2019 \u00bb<\/p><cite>Mt 22, 3-4<\/cite><\/blockquote>\n\n\n\n<figure class=\"wp-block-image size-large\"><img loading=\"lazy\" decoding=\"async\" width=\"600\" height=\"600\" src=\"https:\/\/levangilealecran.com\/wp-content\/uploads\/2020\/10\/ImageEvEcr2020_10_11.jpg\" alt=\"\" class=\"wp-image-2151\" srcset=\"https:\/\/levangilealecran.com\/wp-content\/uploads\/2020\/10\/ImageEvEcr2020_10_11.jpg 600w, https:\/\/levangilealecran.com\/wp-content\/uploads\/2020\/10\/ImageEvEcr2020_10_11-300x300.jpg 300w, https:\/\/levangilealecran.com\/wp-content\/uploads\/2020\/10\/ImageEvEcr2020_10_11-150x150.jpg 150w\" sizes=\"auto, (max-width: 600px) 100vw, 600px\" \/><\/figure>\n\n\n\n<p class=\"wp-block-paragraph\"><strong>> L\u2019Evangile du jour vient nous confronter de mani\u00e8re forte au sujet de notre r\u00e9ponse \u00e0 l\u2019appel de Dieu. Comment est-ce que je r\u00e9ponds \u00e0 son invitation \u00e0 faire la f\u00eate avec lui ?<\/strong><\/p>\n\n\n\n<p class=\"wp-block-paragraph\"><strong>Dans ce texte, les premiers invit\u00e9s d\u00e9clinent l\u2019invitation. Ils ne veulent pas venir, trop occup\u00e9s par leurs activit\u00e9s du monde. Un peu comme aujourd\u2019hui o\u00f9 tant d\u2019hommes et de femmes s\u2019\u00e9loignent de tout questionnement spirituel, o\u00f9 ils ne se soucient pas ou plus de la question de Dieu, trop occup\u00e9s \u00e0 vivre dans un activisme et consum\u00e9risme ambiant.<\/strong><\/p>\n\n\n\n<p class=\"wp-block-paragraph\"><strong>Dieu, pourtant, est patient. Comme le ma\u00eetre continue \u00e0 envoyer des serviteurs pour inviter d\u2019autres personnes, Dieu continue \u00e0 esp\u00e9rer en l\u2019humanit\u00e9. \u00ab Il envoya encore\u2026 \u00bb : par cette r\u00e9p\u00e9tition, l\u2019\u00e9vang\u00e9liste souligne que c\u2019est un processus qui s\u2019\u00e9tale sur un certain temps, mais que Dieu ne change pas, il reste patient. Comme pour nous aussi, \u00e0 qui tout au long de notre vie cette question nous est pos\u00e9e par Dieu : \u00ab viendras-tu c\u00e9l\u00e9brer la noce avec moi ? \u00bb.<\/strong><\/p>\n\n\n\n<p class=\"wp-block-paragraph\"><strong>Cette semaine, m\u00e9ditons donc cet appel de Dieu dans nos vies. Comment est-ce que j\u2019y r\u00e9ponds, comment est-ce que j\u2019y fais honneur ? Comment est-ce que j\u2019arrive \u2013 ou pas \u2013 \u00e0 l\u00e2cher mes activit\u00e9s du monde si prenantes pour aller faire la f\u00eate avec lui ? Dieu est patient, et sa porte nous est toujours ouverte. L\u2019ouvrirons-nous pour partager ce banquet avec lui et ses convives ?<\/strong><\/p>\n","protected":false},"excerpt":{"rendered":"<p>\u00ab Il envoya ses serviteurs appeler \u00e0 la noce les invit\u00e9s, mais ceux-ci ne voulaient pas venir. Il envoya encore d\u2019autres serviteurs dire aux invit\u00e9s: \u2018Voil\u00e0: j\u2019ai pr\u00e9par\u00e9 mon banquet.\u2019 \u00bb Mt 22, 3-4 > L\u2019Evangile du jour vient nous confronter de mani\u00e8re forte au sujet de notre r\u00e9ponse \u00e0 l\u2019appel de Dieu. Comment est-ce que je r\u00e9ponds \u00e0 son invitation \u00e0 faire la f\u00eate avec lui ? Dans ce texte, les premiers invit\u00e9s d\u00e9clinent l\u2019invitation. Ils ne veulent pas venir, trop occup\u00e9s par leurs activit\u00e9s du monde. Un peu comme aujourd\u2019hui o\u00f9 tant d\u2019hommes et de femmes s\u2019\u00e9loignent de tout questionnement spirituel, o\u00f9 ils ne se soucient pas ou \u2026 <a class=\"continue-reading-link\" href=\"https:\/\/levangilealecran.com\/?p=2150\"> Continue reading <span class=\"meta-nav\">&rarr; <\/span><\/a><\/p>\n","protected":false},"author":2006,"featured_media":0,"comment_status":"open","ping_status":"open","sticky":false,"template":"","format":"standard","meta":{"footnotes":""},"categories":[4,8],"tags":[630,799,494,33,800,457],"class_list":["post-2150","post","type-post","status-publish","format-standard","hentry","category-dimanche","category-matthieu","tag-activisme","tag-appel-de-dieu","tag-fete","tag-noces","tag-patience-de-dieu","tag-reponse"],"_links":{"self":[{"href":"https:\/\/levangilealecran.com\/index.php?rest_route=\/wp\/v2\/posts\/2150","targetHints":{"allow":["GET"]}}],"collection":[{"href":"https:\/\/levangilealecran.com\/index.php?rest_route=\/wp\/v2\/posts"}],"about":[{"href":"https:\/\/levangilealecran.com\/index.php?rest_route=\/wp\/v2\/types\/post"}],"author":[{"embeddable":true,"href":"https:\/\/levangilealecran.com\/index.php?rest_route=\/wp\/v2\/users\/2006"}],"replies":[{"embeddable":true,"href":"https:\/\/levangilealecran.com\/index.php?rest_route=%2Fwp%2Fv2%2Fcomments&post=2150"}],"version-history":[{"count":1,"href":"https:\/\/levangilealecran.com\/index.php?rest_route=\/wp\/v2\/posts\/2150\/revisions"}],"predecessor-version":[{"id":2152,"href":"https:\/\/levangilealecran.com\/index.php?rest_route=\/wp\/v2\/posts\/2150\/revisions\/2152"}],"wp:attachment":[{"href":"https:\/\/levangilealecran.com\/index.php?rest_route=%2Fwp%2Fv2%2Fmedia&parent=2150"}],"wp:term":[{"taxonomy":"category","embeddable":true,"href":"https:\/\/levangilealecran.com\/index.php?rest_route=%2Fwp%2Fv2%2Fcategories&post=2150"},{"taxonomy":"post_tag","embeddable":true,"href":"https:\/\/levangilealecran.com\/index.php?rest_route=%2Fwp%2Fv2%2Ftags&post=2150"}],"curies":[{"name":"wp","href":"https:\/\/api.w.org\/{rel}","templated":true}]}}