{"id":2147,"date":"2020-10-02T09:44:41","date_gmt":"2020-10-02T07:44:41","guid":{"rendered":"https:\/\/levangilealecran.com\/?p=2147"},"modified":"2020-10-02T09:44:41","modified_gmt":"2020-10-02T07:44:41","slug":"27e-dimanche-du-temps-ordinaire-a-4-octobre-2020","status":"publish","type":"post","link":"https:\/\/levangilealecran.com\/?p=2147","title":{"rendered":"27e dimanche du temps ordinaire \u2013 A \u2013 4 octobre 2020"},"content":{"rendered":"\n<blockquote class=\"wp-block-quote is-layout-flow wp-block-quote-is-layout-flow\"><p>\u00ab Ils respecteront mon fils \u00bb<\/p><cite>(Matthieu 21,37)<\/cite><\/blockquote>\n\n\n\n<figure class=\"wp-block-image size-large\"><img loading=\"lazy\" decoding=\"async\" width=\"908\" height=\"606\" src=\"https:\/\/levangilealecran.com\/wp-content\/uploads\/2020\/10\/EALE.png\" alt=\"\" class=\"wp-image-2148\" srcset=\"https:\/\/levangilealecran.com\/wp-content\/uploads\/2020\/10\/EALE.png 908w, https:\/\/levangilealecran.com\/wp-content\/uploads\/2020\/10\/EALE-300x200.png 300w, https:\/\/levangilealecran.com\/wp-content\/uploads\/2020\/10\/EALE-768x513.png 768w, https:\/\/levangilealecran.com\/wp-content\/uploads\/2020\/10\/EALE-600x400.png 600w, https:\/\/levangilealecran.com\/wp-content\/uploads\/2020\/10\/EALE-150x100.png 150w, https:\/\/levangilealecran.com\/wp-content\/uploads\/2020\/10\/EALE-225x150.png 225w\" sizes=\"auto, (max-width: 908px) 100vw, 908px\" \/><\/figure>\n\n\n\n<p class=\"wp-block-paragraph\"><strong>> Une des d\u00e9clarations les plus tragiques des \u00e9vangiles est le commentaire candide du p\u00e8re de cette parabole : \u00ab Ils respecteront mon fils \u00bb. A cette conviction r\u00e9pond la plus sordide des violences, un assassinat. Ces m\u00e9tayers veulent poss\u00e9der cette vigne, \u00e0 tout prix et ils rejettent tout ce qui vient du propri\u00e9taire, pour le devenir \u00e0 leur tour.<\/strong><\/p>\n\n\n\n<p class=\"wp-block-paragraph\"><strong>Bien s\u00fbr aujourd\u2019hui, je peux me sentir tr\u00e8s \u00e9loign\u00e9e de toute cette violence ! Ce n\u2019est pas \u00e0 moi que cela arriverait de m\u2019asseoir sur la g\u00e9n\u00e9rosit\u00e9 divine et de tuer pour m\u2019accaparer une autorit\u00e9 spirituelle. Oui, bien s\u00fbr mais quand j\u2019y pense\u2026 A chaque fois que je referme mes poings sur des v\u00e9rit\u00e9s que je crois d\u00e9tenir sur l\u2019identit\u00e9 de J\u00e9sus, sur des jugements qu\u2019il aurait pu faire\u2026 j\u2019 \u00ab assassine \u00bb le Christ \u00e0 mon tour\u2026 Des \u00e9l\u00e9ments de cette attitude \u00ab Voici venir l\u2019h\u00e9ritier, tuons-le et nous aurons l\u2019h\u00e9ritage \u00bb existent en nous tous. Nous emp\u00eachons parfois J\u00e9sus d\u2019agir pleinement.<\/strong><\/p>\n\n\n\n<p class=\"wp-block-paragraph\"><strong>Seigneur, pour cette semaine, ouvre-moi les yeux sur mon orgueil et mon \u00e9go\u00efsme qui me rendent moins r\u00e9ceptive \u00e0 Ta Parole et garde-moi de me croire la seule \u00e0 me \u00ab royaumer \u00bb dans mon pr\u00e9 carr\u00e9 spirituel&#8230; Fa\u00e7onne en moi l\u2019attitude du ma\u00eetre qui fait confiance \u00e0 ses ouvriers, qui partage sa vigne, sa vendange et m\u00eame ce qu\u2019il a de plus pr\u00e9cieux : son Fils !<\/strong><\/p>\n","protected":false},"excerpt":{"rendered":"<p>\u00ab Ils respecteront mon fils \u00bb (Matthieu 21,37) > Une des d\u00e9clarations les plus tragiques des \u00e9vangiles est le commentaire candide du p\u00e8re de cette parabole : \u00ab Ils respecteront mon fils \u00bb. A cette conviction r\u00e9pond la plus sordide des violences, un assassinat. Ces m\u00e9tayers veulent poss\u00e9der cette vigne, \u00e0 tout prix et ils rejettent tout ce qui vient du propri\u00e9taire, pour le devenir \u00e0 leur tour. Bien s\u00fbr aujourd\u2019hui, je peux me sentir tr\u00e8s \u00e9loign\u00e9e de toute cette violence ! Ce n\u2019est pas \u00e0 moi que cela arriverait de m\u2019asseoir sur la g\u00e9n\u00e9rosit\u00e9 divine et de tuer pour m\u2019accaparer une autorit\u00e9 spirituelle. Oui, bien s\u00fbr mais quand j\u2019y \u2026 <a class=\"continue-reading-link\" href=\"https:\/\/levangilealecran.com\/?p=2147\"> Continue reading <span class=\"meta-nav\">&rarr; <\/span><\/a><\/p>\n","protected":false},"author":2006,"featured_media":0,"comment_status":"open","ping_status":"open","sticky":false,"template":"","format":"standard","meta":{"footnotes":""},"categories":[4,8],"tags":[26,798,20],"class_list":["post-2147","post","type-post","status-publish","format-standard","hentry","category-dimanche","category-matthieu","tag-confiance","tag-jugements","tag-violence"],"_links":{"self":[{"href":"https:\/\/levangilealecran.com\/index.php?rest_route=\/wp\/v2\/posts\/2147","targetHints":{"allow":["GET"]}}],"collection":[{"href":"https:\/\/levangilealecran.com\/index.php?rest_route=\/wp\/v2\/posts"}],"about":[{"href":"https:\/\/levangilealecran.com\/index.php?rest_route=\/wp\/v2\/types\/post"}],"author":[{"embeddable":true,"href":"https:\/\/levangilealecran.com\/index.php?rest_route=\/wp\/v2\/users\/2006"}],"replies":[{"embeddable":true,"href":"https:\/\/levangilealecran.com\/index.php?rest_route=%2Fwp%2Fv2%2Fcomments&post=2147"}],"version-history":[{"count":1,"href":"https:\/\/levangilealecran.com\/index.php?rest_route=\/wp\/v2\/posts\/2147\/revisions"}],"predecessor-version":[{"id":2149,"href":"https:\/\/levangilealecran.com\/index.php?rest_route=\/wp\/v2\/posts\/2147\/revisions\/2149"}],"wp:attachment":[{"href":"https:\/\/levangilealecran.com\/index.php?rest_route=%2Fwp%2Fv2%2Fmedia&parent=2147"}],"wp:term":[{"taxonomy":"category","embeddable":true,"href":"https:\/\/levangilealecran.com\/index.php?rest_route=%2Fwp%2Fv2%2Fcategories&post=2147"},{"taxonomy":"post_tag","embeddable":true,"href":"https:\/\/levangilealecran.com\/index.php?rest_route=%2Fwp%2Fv2%2Ftags&post=2147"}],"curies":[{"name":"wp","href":"https:\/\/api.w.org\/{rel}","templated":true}]}}