{"id":2143,"date":"2020-09-25T08:00:00","date_gmt":"2020-09-25T06:00:00","guid":{"rendered":"https:\/\/levangilealecran.com\/?p=2143"},"modified":"2020-09-25T01:15:25","modified_gmt":"2020-09-24T23:15:25","slug":"26e-dimanche-du-temps-ordinaire-a-27-septembre-2020","status":"publish","type":"post","link":"https:\/\/levangilealecran.com\/?p=2143","title":{"rendered":"26e dimanche du temps ordinaire \u2013 A \u2013 27 septembre 2020"},"content":{"rendered":"\n<blockquote class=\"wp-block-quote is-layout-flow wp-block-quote-is-layout-flow\"><p>Il dit : \u2018Oui, Seigneur !\u2019 et il n\u2019y alla pas.<\/p><cite>(Mt 21, 30)<\/cite><\/blockquote>\n\n\n\n<figure class=\"wp-block-image size-full is-resized\"><img loading=\"lazy\" decoding=\"async\" src=\"https:\/\/levangilealecran.com\/wp-content\/uploads\/2020\/09\/20200927_Mt2130.png\" alt=\"\" class=\"wp-image-2144\" width=\"600\" height=\"600\" srcset=\"https:\/\/levangilealecran.com\/wp-content\/uploads\/2020\/09\/20200927_Mt2130.png 1200w, https:\/\/levangilealecran.com\/wp-content\/uploads\/2020\/09\/20200927_Mt2130-300x300.png 300w, https:\/\/levangilealecran.com\/wp-content\/uploads\/2020\/09\/20200927_Mt2130-1024x1024.png 1024w, https:\/\/levangilealecran.com\/wp-content\/uploads\/2020\/09\/20200927_Mt2130-150x150.png 150w, https:\/\/levangilealecran.com\/wp-content\/uploads\/2020\/09\/20200927_Mt2130-768x768.png 768w, https:\/\/levangilealecran.com\/wp-content\/uploads\/2020\/09\/20200927_Mt2130-600x600.png 600w\" sizes=\"auto, (max-width: 600px) 100vw, 600px\" \/><\/figure>\n\n\n\n<p class=\"wp-block-paragraph\"><strong>> Par la parabole de l\u2019\u00c9vangile de ce dimanche J\u00e9sus tend un pi\u00e8ge aux grands pr\u00eatres et anciens, c&rsquo;est presque devenu une habitude pour Lui. L&rsquo;enjeu de cette parabole c&rsquo;est la coh\u00e9rence de notre foi. Il est question d&rsquo;agir pour Dieu. Celui des deux fils qui fait la volont\u00e9 du p\u00e8re, c\u2019est celui qui \u00ab\u00a0fait\u00a0\u00bb, et non celui qui \u00ab\u00a0dit\u00a0\u00bb. Par cette question qui para\u00eet simple et qui ne laisse qu&rsquo;une r\u00e9ponse logique, il va forcer les bien-pensants de l&rsquo;\u00c9glise \u00e0 r\u00e9pondre ce qui est juste tout en les accusant ensuite justement de ne pas faire ce qu&rsquo;ils disent.<\/strong><\/p>\n\n\n\n<p class=\"wp-block-paragraph\"><strong>> Au fond, voil\u00e0 donc un p\u00e8re qui demande et des fils qui, ensuite, font ce qu\u2019ils veulent. Si J\u00e9sus emploie cette image, c\u2019est pour nous d\u00e9crire ce qui se passe entre Dieu et nous. Cette semaine nous sommes invit\u00e9s \u00e0 regarder o\u00f9 nous pourrions nous repentir et faire la volont\u00e9 de Dieu, m\u00eame si nous lui avons peut-\u00eatre dit non, consciemment ou non. Inversement, ne faisons pas de fausses promesses \u00e0 Dieu. Soyez b\u00e9nis.<\/strong><\/p>\n","protected":false},"excerpt":{"rendered":"<p>Il dit : \u2018Oui, Seigneur !\u2019 et il n\u2019y alla pas. (Mt 21, 30) > Par la parabole de l\u2019\u00c9vangile de ce dimanche J\u00e9sus tend un pi\u00e8ge aux grands pr\u00eatres et anciens, c&rsquo;est presque devenu une habitude pour Lui. L&rsquo;enjeu de cette parabole c&rsquo;est la coh\u00e9rence de notre foi. Il est question d&rsquo;agir pour Dieu. Celui des deux fils qui fait la volont\u00e9 du p\u00e8re, c\u2019est celui qui \u00ab\u00a0fait\u00a0\u00bb, et non celui qui \u00ab\u00a0dit\u00a0\u00bb. Par cette question qui para\u00eet simple et qui ne laisse qu&rsquo;une r\u00e9ponse logique, il va forcer les bien-pensants de l&rsquo;\u00c9glise \u00e0 r\u00e9pondre ce qui est juste tout en les accusant ensuite justement de ne pas faire \u2026 <a class=\"continue-reading-link\" href=\"https:\/\/levangilealecran.com\/?p=2143\"> Continue reading <span class=\"meta-nav\">&rarr; <\/span><\/a><\/p>\n","protected":false},"author":2005,"featured_media":0,"comment_status":"open","ping_status":"open","sticky":false,"template":"","format":"standard","meta":{"footnotes":""},"categories":[4,8],"tags":[120,796,797,76],"class_list":["post-2143","post","type-post","status-publish","format-standard","hentry","category-dimanche","category-matthieu","tag-coherence","tag-dire","tag-faire","tag-foi"],"_links":{"self":[{"href":"https:\/\/levangilealecran.com\/index.php?rest_route=\/wp\/v2\/posts\/2143","targetHints":{"allow":["GET"]}}],"collection":[{"href":"https:\/\/levangilealecran.com\/index.php?rest_route=\/wp\/v2\/posts"}],"about":[{"href":"https:\/\/levangilealecran.com\/index.php?rest_route=\/wp\/v2\/types\/post"}],"author":[{"embeddable":true,"href":"https:\/\/levangilealecran.com\/index.php?rest_route=\/wp\/v2\/users\/2005"}],"replies":[{"embeddable":true,"href":"https:\/\/levangilealecran.com\/index.php?rest_route=%2Fwp%2Fv2%2Fcomments&post=2143"}],"version-history":[{"count":1,"href":"https:\/\/levangilealecran.com\/index.php?rest_route=\/wp\/v2\/posts\/2143\/revisions"}],"predecessor-version":[{"id":2145,"href":"https:\/\/levangilealecran.com\/index.php?rest_route=\/wp\/v2\/posts\/2143\/revisions\/2145"}],"wp:attachment":[{"href":"https:\/\/levangilealecran.com\/index.php?rest_route=%2Fwp%2Fv2%2Fmedia&parent=2143"}],"wp:term":[{"taxonomy":"category","embeddable":true,"href":"https:\/\/levangilealecran.com\/index.php?rest_route=%2Fwp%2Fv2%2Fcategories&post=2143"},{"taxonomy":"post_tag","embeddable":true,"href":"https:\/\/levangilealecran.com\/index.php?rest_route=%2Fwp%2Fv2%2Ftags&post=2143"}],"curies":[{"name":"wp","href":"https:\/\/api.w.org\/{rel}","templated":true}]}}