{"id":2139,"date":"2020-09-18T08:00:00","date_gmt":"2020-09-18T06:00:00","guid":{"rendered":"https:\/\/levangilealecran.com\/?p=2139"},"modified":"2020-09-17T20:28:24","modified_gmt":"2020-09-17T18:28:24","slug":"25e-dimanche-du-temps-ordinaire-a-20-septembre-2020","status":"publish","type":"post","link":"https:\/\/levangilealecran.com\/?p=2139","title":{"rendered":"25e dimanche du temps ordinaire \u2013 A \u2013 20 septembre 2020"},"content":{"rendered":"\n<blockquote class=\"wp-block-quote is-layout-flow wp-block-quote-is-layout-flow\"><p>\u00ab\u00a0Ceux qui avaient commenc\u00e9 \u00e0 cinq heures, re\u00e7urent chacun une pi\u00e8ce d\u2019un denier.\u00a0\u00bb <\/p><cite>Mt 20,9<\/cite><\/blockquote>\n\n\n\n<figure class=\"wp-block-image size-large\"><img loading=\"lazy\" decoding=\"async\" width=\"908\" height=\"454\" src=\"https:\/\/levangilealecran.com\/wp-content\/uploads\/2020\/09\/vigne.png\" alt=\"\" class=\"wp-image-2140\" srcset=\"https:\/\/levangilealecran.com\/wp-content\/uploads\/2020\/09\/vigne.png 908w, https:\/\/levangilealecran.com\/wp-content\/uploads\/2020\/09\/vigne-300x150.png 300w, https:\/\/levangilealecran.com\/wp-content\/uploads\/2020\/09\/vigne-768x384.png 768w, https:\/\/levangilealecran.com\/wp-content\/uploads\/2020\/09\/vigne-600x300.png 600w, https:\/\/levangilealecran.com\/wp-content\/uploads\/2020\/09\/vigne-150x75.png 150w, https:\/\/levangilealecran.com\/wp-content\/uploads\/2020\/09\/vigne-250x125.png 250w\" sizes=\"auto, (max-width: 908px) 100vw, 908px\" \/><\/figure>\n\n\n\n<p class=\"wp-block-paragraph\"><strong>> Comme on comprend la r\u00e9action des ouvriers embauch\u00e9s \u00e0 la premi\u00e8re heure qui ont \u00ab endur\u00e9 le poids du jour et la chaleur \u00bb ! Comme je m\u2019y reconnais ! Du point de vue d\u2019une stricte justice humaine le comportement du ma\u00eetre est difficile \u00e0 d\u00e9fendre.<\/strong><\/p>\n\n\n\n<p class=\"wp-block-paragraph\"><strong>Il faut regarder de pr\u00e8s comment se modifient les termes du contrat d\u2019embauche au fur et \u00e0 mesure que la journ\u00e9e avance. Avec ceux qui commencent \u00e0 travailler d\u00e8s la premi\u00e8re heure le ma\u00eetre se met d\u2019accord sur le salaire de la journ\u00e9e : un denier. A ceux qui se mettent au travail \u00e0 neuf heures, \u00e0 midi, \u00e0 trois heures, le ma\u00eetre promet : \u00ab je vous donnerai ce qui est juste \u00bb. Le contrat repose sur la confiance qu\u2019ils accordent \u00e0 la parole du ma\u00eetre. C\u2019est lui qui fixe ce qui est juste, il n\u2019annonce pas de chiffre. Quant \u00e0 ceux qui rejoignent la vigne \u00e0 cinq heures il se contente de dire \u00ab Allez \u00e0 ma vigne vous aussi. \u00bb Il n\u2019est pas question de r\u00e9tribution. Les ouvriers s\u2019en remettent totalement au ma\u00eetre sur la fa\u00e7on dont leur travail sera reconnu et r\u00e9mun\u00e9r\u00e9.<\/strong><\/p>\n\n\n\n<p class=\"wp-block-paragraph\"><strong>Le comportement de ce ma\u00eetre est incompr\u00e9hensible d\u2019un point de vue de justice humaine. Par contre s\u2019il s\u2019agit de dire quelque chose du Royaume de Dieu combien est-il parlant ! A part au Royaume non celui qui cherche \u00e0 le m\u00e9riter comme un d\u00fb mais celui qui met sa foi en Dieu qui donne gratuitement.<\/strong><\/p>\n\n\n\n<p class=\"wp-block-paragraph\"><strong>Quelques p\u00e9pites pauliniennes en \u00e9cho \u00e0 cette parabole :\u00ab Si quelqu\u2019un accomplit un travail, son salaire ne lui est pas accord\u00e9 comme un don gratuit, mais comme un d\u00fb. Au contraire, si quelqu\u2019un, sans rien accomplir, a foi en Celui qui rend juste l\u2019homme impie, il lui est accord\u00e9 d\u2019\u00eatre juste par sa foi. \u00bb (Rm 4, 4-5) <\/strong><\/p>\n\n\n\n<p class=\"wp-block-paragraph\"><strong>C\u2019est bien par la gr\u00e2ce que vous \u00eates sauv\u00e9s, et par le moyen de la foi. Cela ne vient pas de vous, c\u2019est le don de Dieu. Cela ne vient pas des actes : personne ne peut en tirer orgueil (Ep 2, 8-9). Appel en ces temps troubl\u00e9s et incertains \u00e0 avancer en mettant notre foi en Celui qui est BON et qui partage ses biens aux ouvriers de la derni\u00e8re heure que nous sommes.<\/strong><\/p>\n","protected":false},"excerpt":{"rendered":"<p>\u00ab\u00a0Ceux qui avaient commenc\u00e9 \u00e0 cinq heures, re\u00e7urent chacun une pi\u00e8ce d\u2019un denier.\u00a0\u00bb Mt 20,9 > Comme on comprend la r\u00e9action des ouvriers embauch\u00e9s \u00e0 la premi\u00e8re heure qui ont \u00ab endur\u00e9 le poids du jour et la chaleur \u00bb ! Comme je m\u2019y reconnais ! Du point de vue d\u2019une stricte justice humaine le comportement du ma\u00eetre est difficile \u00e0 d\u00e9fendre. Il faut regarder de pr\u00e8s comment se modifient les termes du contrat d\u2019embauche au fur et \u00e0 mesure que la journ\u00e9e avance. Avec ceux qui commencent \u00e0 travailler d\u00e8s la premi\u00e8re heure le ma\u00eetre se met d\u2019accord sur le salaire de la journ\u00e9e : un denier. A ceux \u2026 <a class=\"continue-reading-link\" href=\"https:\/\/levangilealecran.com\/?p=2139\"> Continue reading <span class=\"meta-nav\">&rarr; <\/span><\/a><\/p>\n","protected":false},"author":2006,"featured_media":0,"comment_status":"open","ping_status":"open","sticky":false,"template":"","format":"standard","meta":{"footnotes":""},"categories":[4,8],"tags":[92,206,134,795,719,636],"class_list":["post-2139","post","type-post","status-publish","format-standard","hentry","category-dimanche","category-matthieu","tag-don","tag-grace","tag-justice","tag-royaume-de-dieu","tag-travail","tag-vigne"],"_links":{"self":[{"href":"https:\/\/levangilealecran.com\/index.php?rest_route=\/wp\/v2\/posts\/2139","targetHints":{"allow":["GET"]}}],"collection":[{"href":"https:\/\/levangilealecran.com\/index.php?rest_route=\/wp\/v2\/posts"}],"about":[{"href":"https:\/\/levangilealecran.com\/index.php?rest_route=\/wp\/v2\/types\/post"}],"author":[{"embeddable":true,"href":"https:\/\/levangilealecran.com\/index.php?rest_route=\/wp\/v2\/users\/2006"}],"replies":[{"embeddable":true,"href":"https:\/\/levangilealecran.com\/index.php?rest_route=%2Fwp%2Fv2%2Fcomments&post=2139"}],"version-history":[{"count":1,"href":"https:\/\/levangilealecran.com\/index.php?rest_route=\/wp\/v2\/posts\/2139\/revisions"}],"predecessor-version":[{"id":2141,"href":"https:\/\/levangilealecran.com\/index.php?rest_route=\/wp\/v2\/posts\/2139\/revisions\/2141"}],"wp:attachment":[{"href":"https:\/\/levangilealecran.com\/index.php?rest_route=%2Fwp%2Fv2%2Fmedia&parent=2139"}],"wp:term":[{"taxonomy":"category","embeddable":true,"href":"https:\/\/levangilealecran.com\/index.php?rest_route=%2Fwp%2Fv2%2Fcategories&post=2139"},{"taxonomy":"post_tag","embeddable":true,"href":"https:\/\/levangilealecran.com\/index.php?rest_route=%2Fwp%2Fv2%2Ftags&post=2139"}],"curies":[{"name":"wp","href":"https:\/\/api.w.org\/{rel}","templated":true}]}}