{"id":2132,"date":"2020-09-05T21:28:24","date_gmt":"2020-09-05T19:28:24","guid":{"rendered":"https:\/\/levangilealecran.com\/?p=2132"},"modified":"2020-09-05T21:28:24","modified_gmt":"2020-09-05T19:28:24","slug":"23e-dimanche-du-temps-ordinaire-a-6-septembre-2020","status":"publish","type":"post","link":"https:\/\/levangilealecran.com\/?p=2132","title":{"rendered":"23e dimanche du temps ordinaire \u2013 A \u2013 6 septembre 2020"},"content":{"rendered":"\n<blockquote class=\"wp-block-quote is-layout-flow wp-block-quote-is-layout-flow\"><p>\u00ab\u00a0Car, l\u00e0 o\u00f9 deux ou trois se trouvent r\u00e9unis en mon nom, je suis au milieu d\u2019eux.\u00a0\u00bb<\/p><cite>Mt 18,20<\/cite><\/blockquote>\n\n\n\n<figure class=\"wp-block-image size-large\"><img loading=\"lazy\" decoding=\"async\" width=\"1024\" height=\"576\" src=\"https:\/\/levangilealecran.com\/wp-content\/uploads\/2020\/09\/mains-qui-prient-1024x576.jpg\" alt=\"\" class=\"wp-image-2133\" srcset=\"https:\/\/levangilealecran.com\/wp-content\/uploads\/2020\/09\/mains-qui-prient-1024x576.jpg 1024w, https:\/\/levangilealecran.com\/wp-content\/uploads\/2020\/09\/mains-qui-prient-300x169.jpg 300w, https:\/\/levangilealecran.com\/wp-content\/uploads\/2020\/09\/mains-qui-prient-768x432.jpg 768w, https:\/\/levangilealecran.com\/wp-content\/uploads\/2020\/09\/mains-qui-prient-600x337.jpg 600w, https:\/\/levangilealecran.com\/wp-content\/uploads\/2020\/09\/mains-qui-prient-1536x864.jpg 1536w, https:\/\/levangilealecran.com\/wp-content\/uploads\/2020\/09\/mains-qui-prient-2048x1152.jpg 2048w, https:\/\/levangilealecran.com\/wp-content\/uploads\/2020\/09\/mains-qui-prient-150x84.jpg 150w, https:\/\/levangilealecran.com\/wp-content\/uploads\/2020\/09\/mains-qui-prient-250x141.jpg 250w\" sizes=\"auto, (max-width: 1024px) 100vw, 1024px\" \/><\/figure>\n\n\n\n<p class=\"wp-block-paragraph\"><strong>> J\u00e9sus vient de dire \u00e0 ses disciples que<em>\u00a0si deux d\u2019entre [eux] se mettent d\u2019accord, sur la terre, pour demander quoi que ce soit, cela leur sera accord\u00e9 par son P\u00e8re<\/em>. Il encha\u00eene en donnant le motif de cet exaucement ce que montre le\u00a0<em>car<\/em>\u00a0qui aurait pu \u00eatre traduit par\u00a0<em>parce que<\/em>. Pourquoi, dans certains cas, tardons-nous \u00e0 voir l\u2019exaucement\u00a0? Les conditions ne sont-elles pas r\u00e9unies\u00a0?<\/strong><\/p>\n\n\n\n<p class=\"wp-block-paragraph\"><strong>De conditions, en fait, il n\u2019y en a que deux\u00a0:\u00a0<\/strong><\/p>\n\n\n\n<ul class=\"wp-block-list\"><li><strong>La premi\u00e8re est une question de nombre. Deux ou trois personnes suffisent pour que cette condition soit remplie. Et, franchement, ce n\u2019est pas la mer \u00e0 boire que de trouver une ou deux personnes qui s\u2019associent \u00e0 moi pour prier\u00a0!<\/strong><\/li><li><strong>La seconde est une question de nom. Elle est en lien direct avec le motif de cette r\u00e9union. J\u00e9sus dit qu\u2019elle doit \u00eatre faite\u00a0<em>en son nom<\/em>. Et, si c\u2019\u00e9tait l\u00e0 que le b\u00e2t blesse\u00a0? Est-ce que je r\u00e9alise pleinement le sens de cette parole de J\u00e9sus\u00a0? Vous et moi, nous savons que toutes les promesses de notre Seigneur, sont tenues &#8211; Lui, il est fid\u00e8le -. Sa pr\u00e9sence nous est donc assur\u00e9e sous r\u00e9serve que nous soyons deux ou trois (facile\u00a0!) r\u00e9unis en son Nom. Je crois qu\u2019il y a l\u00e0 une invitation \u00e0 ne pas se limiter \u00e0 une proximit\u00e9 de fa\u00e7ade pour aller vers une proximit\u00e9 de c\u0153ur. Tout au fond de moi, n\u2019aurais-je pas, de temps \u00e0 autre, un soup\u00e7on de jugement pour ces personnes avec qui je prie. Bien-s\u00fbr, je ne dis mot par politesse chr\u00e9tienne. Mais, le Seigneur regarde au c\u0153ur, n\u2019est-ce pas\u00a0? Alors, afin que cette pens\u00e9e insignifiante, m\u00eame pas exprim\u00e9e, ne devienne pas un frein \u00e0 l\u2019exaucement de la pri\u00e8re de deux ou trois, ne devrais-je pas suivre le conseil de Paul aux Philippiens\u00a0:\u00a0<em>au point o\u00f9 nous sommes parvenus, marchons d&rsquo;un m\u00eame pas<\/em>\u00a0et\u00a0<em>si vous \u00eates en quelque point d&rsquo;un autre avis, Dieu vous \u00e9clairera aussi l\u00e0-dessus.\u00a0<\/em><\/strong><\/li><\/ul>\n","protected":false},"excerpt":{"rendered":"<p>\u00ab\u00a0Car, l\u00e0 o\u00f9 deux ou trois se trouvent r\u00e9unis en mon nom, je suis au milieu d\u2019eux.\u00a0\u00bb Mt 18,20 > J\u00e9sus vient de dire \u00e0 ses disciples que\u00a0si deux d\u2019entre [eux] se mettent d\u2019accord, sur la terre, pour demander quoi que ce soit, cela leur sera accord\u00e9 par son P\u00e8re. Il encha\u00eene en donnant le motif de cet exaucement ce que montre le\u00a0car\u00a0qui aurait pu \u00eatre traduit par\u00a0parce que. Pourquoi, dans certains cas, tardons-nous \u00e0 voir l\u2019exaucement\u00a0? Les conditions ne sont-elles pas r\u00e9unies\u00a0? De conditions, en fait, il n\u2019y en a que deux\u00a0:\u00a0 La premi\u00e8re est une question de nombre. Deux ou trois personnes suffisent pour que cette condition soit \u2026 <a class=\"continue-reading-link\" href=\"https:\/\/levangilealecran.com\/?p=2132\"> Continue reading <span class=\"meta-nav\">&rarr; <\/span><\/a><\/p>\n","protected":false},"author":2006,"featured_media":0,"comment_status":"open","ping_status":"open","sticky":false,"template":"","format":"standard","meta":{"footnotes":""},"categories":[4,8],"tags":[793,94,726],"class_list":["post-2132","post","type-post","status-publish","format-standard","hentry","category-dimanche","category-matthieu","tag-nom","tag-presence","tag-prier"],"_links":{"self":[{"href":"https:\/\/levangilealecran.com\/index.php?rest_route=\/wp\/v2\/posts\/2132","targetHints":{"allow":["GET"]}}],"collection":[{"href":"https:\/\/levangilealecran.com\/index.php?rest_route=\/wp\/v2\/posts"}],"about":[{"href":"https:\/\/levangilealecran.com\/index.php?rest_route=\/wp\/v2\/types\/post"}],"author":[{"embeddable":true,"href":"https:\/\/levangilealecran.com\/index.php?rest_route=\/wp\/v2\/users\/2006"}],"replies":[{"embeddable":true,"href":"https:\/\/levangilealecran.com\/index.php?rest_route=%2Fwp%2Fv2%2Fcomments&post=2132"}],"version-history":[{"count":1,"href":"https:\/\/levangilealecran.com\/index.php?rest_route=\/wp\/v2\/posts\/2132\/revisions"}],"predecessor-version":[{"id":2134,"href":"https:\/\/levangilealecran.com\/index.php?rest_route=\/wp\/v2\/posts\/2132\/revisions\/2134"}],"wp:attachment":[{"href":"https:\/\/levangilealecran.com\/index.php?rest_route=%2Fwp%2Fv2%2Fmedia&parent=2132"}],"wp:term":[{"taxonomy":"category","embeddable":true,"href":"https:\/\/levangilealecran.com\/index.php?rest_route=%2Fwp%2Fv2%2Fcategories&post=2132"},{"taxonomy":"post_tag","embeddable":true,"href":"https:\/\/levangilealecran.com\/index.php?rest_route=%2Fwp%2Fv2%2Ftags&post=2132"}],"curies":[{"name":"wp","href":"https:\/\/api.w.org\/{rel}","templated":true}]}}