{"id":2128,"date":"2020-08-28T08:00:00","date_gmt":"2020-08-28T06:00:00","guid":{"rendered":"https:\/\/levangilealecran.com\/?p=2128"},"modified":"2020-08-27T16:38:52","modified_gmt":"2020-08-27T14:38:52","slug":"22e-dimanche-du-temps-ordinaire-a-30-aout-2020","status":"publish","type":"post","link":"https:\/\/levangilealecran.com\/?p=2128","title":{"rendered":"22e dimanche du temps ordinaire \u2013 A \u2013 30 ao\u00fbt 2020"},"content":{"rendered":"\n<blockquote class=\"wp-block-quote is-layout-flow wp-block-quote-is-layout-flow\"><p>\u00ab\u00a0Si quelqu\u2019un veut marcher \u00e0 ma suite, qu\u2019il renonce \u00e0 lui-m\u00eame,<br>qu\u2019il prenne sa croix et qu\u2019il me suive.\u00bb<\/p><cite>Mt 16,24<\/cite><\/blockquote>\n\n\n\n<figure class=\"wp-block-image size-large\"><img loading=\"lazy\" decoding=\"async\" width=\"600\" height=\"600\" src=\"https:\/\/levangilealecran.com\/wp-content\/uploads\/2020\/08\/ImageEvEcr2020_08_30.jpg\" alt=\"\" class=\"wp-image-2129\" srcset=\"https:\/\/levangilealecran.com\/wp-content\/uploads\/2020\/08\/ImageEvEcr2020_08_30.jpg 600w, https:\/\/levangilealecran.com\/wp-content\/uploads\/2020\/08\/ImageEvEcr2020_08_30-300x300.jpg 300w, https:\/\/levangilealecran.com\/wp-content\/uploads\/2020\/08\/ImageEvEcr2020_08_30-150x150.jpg 150w\" sizes=\"auto, (max-width: 600px) 100vw, 600px\" \/><\/figure>\n\n\n\n<p class=\"wp-block-paragraph\"><strong>> Qu\u2019il est parfois difficile d\u2019entendre la Parole\u2026 pour les disciples et pour nous\u00a0!<\/strong><\/p>\n\n\n\n<p class=\"wp-block-paragraph\"><strong>Devant l\u2019annonce de la croix, de la n\u00e9cessit\u00e9 de la souffrance et de la mort, qui certes ouvre sur la r\u00e9surrection, les disciples ne comprennent pas. Ils n\u2019entendent pas. Saint Pierre, qui vient de confesser J\u00e9sus comme Christ, et qui vient d\u2019\u00eatre institu\u00e9 par lui comme \u00ab\u00a0pierre sur laquelle je b\u00e2tirai mon Eglise\u00a0\u00bb (16,18), m\u00eame Saint Pierre le rabroue. Il s\u2019oppose fortement. Il ne peut pas entendre cela.\u00a0<\/strong><\/p>\n\n\n\n<p class=\"wp-block-paragraph\"><strong>Qu\u2019il est parfois difficile d\u2019entendre la Parole\u2026 pour les disciples et pour nous\u00a0!<\/strong><\/p>\n\n\n\n<p class=\"wp-block-paragraph\"><strong>Puis J\u00e9sus annonce \u00e0 ses disciples que le fait de le suivre a un co\u00fbt\u00a0: se renier, d\u2019une part, et se charger de sa croix, d\u2019autre part. Le disciple est appel\u00e9 \u00e0 se renier \u00e0 soi-m\u00eame, c\u2019est-\u00e0-dire \u00e0 renoncer \u00e0 \u00eatre le centre de sa propre vie, renoncer \u00e0 la volont\u00e9 de ne compter que sur soi-m\u00eame et sur ses certitudes, renoncer \u00e0 ne croire qu\u2019en soi pour se forger le sens de sa vie, mais recevoir ce dernier d\u2019un autre. Se renier, c\u2019est dire notre incompl\u00e9tude et notre besoin fondamental de recevoir l\u2019essentiel par un Autre. Un Tout-Autre. Le centre, ce n\u2019est plus moi, c\u2019est le Christ.<\/strong><\/p>\n\n\n\n<p class=\"wp-block-paragraph\"><strong>Qu\u2019il est parfois difficile d\u2019entendre la Parole\u2026 pour les disciples et pour nous\u00a0!<\/strong><\/p>\n\n\n\n<p class=\"wp-block-paragraph\"><strong>Celui qui veut suivre J\u00e9sus doit ensuite se charger de sa croix. La croix, ce sont les difficult\u00e9s, la souffrance, la mort. La croix, c\u2019est le sacrifice. Celui de J\u00e9sus, mais aussi celui que doivent traverser les disciples. C\u2019est perdre quelque chose pour gagner autre chose, de plus fondamental. Mais la perte est l\u00e0, elle fait partie de notre suivance du Christ.<\/strong><\/p>\n\n\n\n<p class=\"wp-block-paragraph\"><strong>Qu\u2019il est parfois difficile d\u2019entendre la Parole\u2026 pour les disciples et pour nous\u00a0!<\/strong><\/p>\n\n\n\n<p class=\"wp-block-paragraph\"><strong>Alors cette semaine, essayons de nous mettre \u00e0 l\u2019\u00e9coute de ces paroles si difficiles \u00e0\u2026 entendre. M\u00e9ditons la croix dans nos vies, m\u00e9ditons le sacrifice dans notre mani\u00e8re de suivre le Christ, m\u00e9ditons nos pertes\u00a0; tout cela afin ensuite de d\u00e9couvrir, \u00e0 la lumi\u00e8re de la r\u00e9surrection qui suit la croix, comment Dieu nous offre la vie en pl\u00e9nitude.<\/strong><\/p>\n","protected":false},"excerpt":{"rendered":"<p>\u00ab\u00a0Si quelqu\u2019un veut marcher \u00e0 ma suite, qu\u2019il renonce \u00e0 lui-m\u00eame,qu\u2019il prenne sa croix et qu\u2019il me suive.\u00bb Mt 16,24 > Qu\u2019il est parfois difficile d\u2019entendre la Parole\u2026 pour les disciples et pour nous\u00a0! Devant l\u2019annonce de la croix, de la n\u00e9cessit\u00e9 de la souffrance et de la mort, qui certes ouvre sur la r\u00e9surrection, les disciples ne comprennent pas. Ils n\u2019entendent pas. Saint Pierre, qui vient de confesser J\u00e9sus comme Christ, et qui vient d\u2019\u00eatre institu\u00e9 par lui comme \u00ab\u00a0pierre sur laquelle je b\u00e2tirai mon Eglise\u00a0\u00bb (16,18), m\u00eame Saint Pierre le rabroue. Il s\u2019oppose fortement. Il ne peut pas entendre cela.\u00a0 Qu\u2019il est parfois difficile d\u2019entendre la Parole\u2026 pour \u2026 <a class=\"continue-reading-link\" href=\"https:\/\/levangilealecran.com\/?p=2128\"> Continue reading <span class=\"meta-nav\">&rarr; <\/span><\/a><\/p>\n","protected":false},"author":2006,"featured_media":0,"comment_status":"open","ping_status":"open","sticky":false,"template":"","format":"standard","meta":{"footnotes":""},"categories":[4,8,1],"tags":[53,68,232,52],"class_list":["post-2128","post","type-post","status-publish","format-standard","hentry","category-dimanche","category-matthieu","category-sanscategorie","tag-christ","tag-croix","tag-suivre","tag-vie"],"_links":{"self":[{"href":"https:\/\/levangilealecran.com\/index.php?rest_route=\/wp\/v2\/posts\/2128","targetHints":{"allow":["GET"]}}],"collection":[{"href":"https:\/\/levangilealecran.com\/index.php?rest_route=\/wp\/v2\/posts"}],"about":[{"href":"https:\/\/levangilealecran.com\/index.php?rest_route=\/wp\/v2\/types\/post"}],"author":[{"embeddable":true,"href":"https:\/\/levangilealecran.com\/index.php?rest_route=\/wp\/v2\/users\/2006"}],"replies":[{"embeddable":true,"href":"https:\/\/levangilealecran.com\/index.php?rest_route=%2Fwp%2Fv2%2Fcomments&post=2128"}],"version-history":[{"count":1,"href":"https:\/\/levangilealecran.com\/index.php?rest_route=\/wp\/v2\/posts\/2128\/revisions"}],"predecessor-version":[{"id":2130,"href":"https:\/\/levangilealecran.com\/index.php?rest_route=\/wp\/v2\/posts\/2128\/revisions\/2130"}],"wp:attachment":[{"href":"https:\/\/levangilealecran.com\/index.php?rest_route=%2Fwp%2Fv2%2Fmedia&parent=2128"}],"wp:term":[{"taxonomy":"category","embeddable":true,"href":"https:\/\/levangilealecran.com\/index.php?rest_route=%2Fwp%2Fv2%2Fcategories&post=2128"},{"taxonomy":"post_tag","embeddable":true,"href":"https:\/\/levangilealecran.com\/index.php?rest_route=%2Fwp%2Fv2%2Ftags&post=2128"}],"curies":[{"name":"wp","href":"https:\/\/api.w.org\/{rel}","templated":true}]}}