{"id":2125,"date":"2020-08-21T08:57:40","date_gmt":"2020-08-21T06:57:40","guid":{"rendered":"https:\/\/levangilealecran.com\/?p=2125"},"modified":"2020-08-21T08:58:00","modified_gmt":"2020-08-21T06:58:00","slug":"21e-dimanche-du-temps-ordinaire-a-23-aout-2020","status":"publish","type":"post","link":"https:\/\/levangilealecran.com\/?p=2125","title":{"rendered":"21e dimanche du temps ordinaire \u2013 A \u2013 23 ao\u00fbt 2020"},"content":{"rendered":"\n<blockquote class=\"wp-block-quote is-layout-flow wp-block-quote-is-layout-flow\"><p>\u00ab\u00a0J\u00e9sus, \u00e9tant arriv\u00e9 dans le territoire de C\u00e9sar\u00e9e de Philippe, demanda \u00e0 ses disciples: &lsquo;Qui dit-on que je suis, moi, le Fils de l\u2019homme ?&rsquo; \u00a0\u00bb <\/p><cite>Matthieu 16,13<\/cite><\/blockquote>\n\n\n\n<p class=\"wp-block-paragraph\"><strong>&gt; J\u00e9sus ? Toi, taraud\u00e9 par des questions identitaires&#8230;? Et dans ta question, J\u00e9sus, tu mets d\u00e9j\u00e0 la r\u00e9ponse ? Pour entendre les disciples te donner les impressions vagues port\u00e9es par la rumeur qui enfle \u00e0 ton sujet: certains disent que tu es un proph\u00e8te ou encore Elie r\u00e9incarn\u00e9&#8230;<\/strong><\/p>\n\n\n\n<p class=\"wp-block-paragraph\"><strong>Mais tout ce pr\u00e9ambule, c&rsquo;est pour mieux les amener \u00e0 se poser LA seule vraie question: \u00ab\u00a0et vous qui dites-vous que je suis ?\u00a0\u00bb Au-del\u00e0 des th\u00e9ories \u00e9chafaud\u00e9es, au-del\u00e0 m\u00eame des plus brillantes th\u00e9ologies, demandons-nous dans le secret de notre c\u0153ur: \u00ab\u00a0qui est J\u00e9sus pour moi ? Et quelle relation au P\u00e8re m&rsquo;invite-t-il a tisser, encore et toujours ?\u00a0\u00bb<\/strong><\/p>\n\n\n\n<p class=\"wp-block-paragraph\"><strong>Que ces questions soufflent un vent de communion et de paix sur notre rentr\u00e9e!<\/strong><\/p>\n","protected":false},"excerpt":{"rendered":"<p>\u00ab\u00a0J\u00e9sus, \u00e9tant arriv\u00e9 dans le territoire de C\u00e9sar\u00e9e de Philippe, demanda \u00e0 ses disciples: &lsquo;Qui dit-on que je suis, moi, le Fils de l\u2019homme ?&rsquo; \u00a0\u00bb Matthieu 16,13 &gt; J\u00e9sus ? Toi, taraud\u00e9 par des questions identitaires&#8230;? Et dans ta question, J\u00e9sus, tu mets d\u00e9j\u00e0 la r\u00e9ponse ? Pour entendre les disciples te donner les impressions vagues port\u00e9es par la rumeur qui enfle \u00e0 ton sujet: certains disent que tu es un proph\u00e8te ou encore Elie r\u00e9incarn\u00e9&#8230; Mais tout ce pr\u00e9ambule, c&rsquo;est pour mieux les amener \u00e0 se poser LA seule vraie question: \u00ab\u00a0et vous qui dites-vous que je suis ?\u00a0\u00bb Au-del\u00e0 des th\u00e9ories \u00e9chafaud\u00e9es, au-del\u00e0 m\u00eame des plus brillantes \u2026 <a class=\"continue-reading-link\" href=\"https:\/\/levangilealecran.com\/?p=2125\"> Continue reading <span class=\"meta-nav\">&rarr; <\/span><\/a><\/p>\n","protected":false},"author":2006,"featured_media":0,"comment_status":"open","ping_status":"open","sticky":false,"template":"","format":"standard","meta":{"footnotes":""},"categories":[4,8],"tags":[53,27,792,98,19],"class_list":["post-2125","post","type-post","status-publish","format-standard","hentry","category-dimanche","category-matthieu","tag-christ","tag-coeur","tag-commuion","tag-identite","tag-paix"],"_links":{"self":[{"href":"https:\/\/levangilealecran.com\/index.php?rest_route=\/wp\/v2\/posts\/2125","targetHints":{"allow":["GET"]}}],"collection":[{"href":"https:\/\/levangilealecran.com\/index.php?rest_route=\/wp\/v2\/posts"}],"about":[{"href":"https:\/\/levangilealecran.com\/index.php?rest_route=\/wp\/v2\/types\/post"}],"author":[{"embeddable":true,"href":"https:\/\/levangilealecran.com\/index.php?rest_route=\/wp\/v2\/users\/2006"}],"replies":[{"embeddable":true,"href":"https:\/\/levangilealecran.com\/index.php?rest_route=%2Fwp%2Fv2%2Fcomments&post=2125"}],"version-history":[{"count":2,"href":"https:\/\/levangilealecran.com\/index.php?rest_route=\/wp\/v2\/posts\/2125\/revisions"}],"predecessor-version":[{"id":2127,"href":"https:\/\/levangilealecran.com\/index.php?rest_route=\/wp\/v2\/posts\/2125\/revisions\/2127"}],"wp:attachment":[{"href":"https:\/\/levangilealecran.com\/index.php?rest_route=%2Fwp%2Fv2%2Fmedia&parent=2125"}],"wp:term":[{"taxonomy":"category","embeddable":true,"href":"https:\/\/levangilealecran.com\/index.php?rest_route=%2Fwp%2Fv2%2Fcategories&post=2125"},{"taxonomy":"post_tag","embeddable":true,"href":"https:\/\/levangilealecran.com\/index.php?rest_route=%2Fwp%2Fv2%2Ftags&post=2125"}],"curies":[{"name":"wp","href":"https:\/\/api.w.org\/{rel}","templated":true}]}}