{"id":2108,"date":"2020-07-31T08:00:00","date_gmt":"2020-07-31T06:00:00","guid":{"rendered":"https:\/\/levangilealecran.com\/?p=2108"},"modified":"2020-07-17T11:55:18","modified_gmt":"2020-07-17T09:55:18","slug":"18e-dimanche-du-temps-ordinaire-a-2-aout-2020","status":"publish","type":"post","link":"https:\/\/levangilealecran.com\/?p=2108","title":{"rendered":"18e dimanche du temps ordinaire &#8211; A &#8211; 2 ao\u00fbt 2020"},"content":{"rendered":"\n<blockquote class=\"wp-block-quote is-layout-flow wp-block-quote-is-layout-flow\"><p>\u00ab\u00a0J\u00e9sus se retira et partit en barque pour un endroit d\u00e9sert, \u00e0 l\u2019\u00e9cart.\u00bb<\/p><cite>Mt 14,13<\/cite><\/blockquote>\n\n\n\n<figure class=\"wp-block-image size-large\"><img loading=\"lazy\" decoding=\"async\" width=\"1024\" height=\"684\" src=\"https:\/\/levangilealecran.com\/wp-content\/uploads\/2020\/07\/EALE-Mt-14-13-1024x684.png\" alt=\"\" class=\"wp-image-2109\" srcset=\"https:\/\/levangilealecran.com\/wp-content\/uploads\/2020\/07\/EALE-Mt-14-13-1024x684.png 1024w, https:\/\/levangilealecran.com\/wp-content\/uploads\/2020\/07\/EALE-Mt-14-13-300x200.png 300w, https:\/\/levangilealecran.com\/wp-content\/uploads\/2020\/07\/EALE-Mt-14-13-768x513.png 768w, https:\/\/levangilealecran.com\/wp-content\/uploads\/2020\/07\/EALE-Mt-14-13-600x401.png 600w, https:\/\/levangilealecran.com\/wp-content\/uploads\/2020\/07\/EALE-Mt-14-13-1536x1026.png 1536w, https:\/\/levangilealecran.com\/wp-content\/uploads\/2020\/07\/EALE-Mt-14-13-150x100.png 150w, https:\/\/levangilealecran.com\/wp-content\/uploads\/2020\/07\/EALE-Mt-14-13-225x150.png 225w, https:\/\/levangilealecran.com\/wp-content\/uploads\/2020\/07\/EALE-Mt-14-13.png 1580w\" sizes=\"auto, (max-width: 1024px) 100vw, 1024px\" \/><\/figure>\n\n\n\n<p class=\"wp-block-paragraph\"><strong>> J\u00e9sus, lui aussi, sait prendre des temps de \u00ab\u00a0vacance(s)\u00a0\u00bb, c\u2019est-\u00e0-dire de retraite, loin de l\u2019agitation et du travail quotidien. Ici, on nous dit m\u00eame qu\u2019il part en barque.<\/strong><\/p>\n\n\n\n<p class=\"wp-block-paragraph\"><strong>> Contrairement \u00e0 nos limousines-break extensibles quasiment \u00e0 l\u2019infini gr\u00e2ce aux galeries et remorques qu\u2019on leur adjoint parfois, une barque est un v\u00e9hicule qui ne permet pas d\u2019emporter beaucoup de mat\u00e9riel. J\u00e9sus n\u2019a ni portable, ni chargeur de t\u00e9l\u00e9phone, ni cahiers de vacances avec lui. Il se retire et donc n\u2019emporte pas ce qui fait son quotidien.<\/strong><\/p>\n\n\n\n<p class=\"wp-block-paragraph\"><strong>> Au milieu de cet \u00e9t\u00e9, puissions-nous laisser de c\u00f4t\u00e9 de que nous avons malgr\u00e9 tout pris avec nous en vacances mais qui nous rappelle ind\u00fbment notre quotidien. Que ce temps de vacance(s), pour celles et ceux qui ont la chance de le prendre, soit vraiment une mise \u00e0 l\u2019\u00e9cart, au d\u00e9sert. <\/strong><\/p>\n\n\n\n<p class=\"wp-block-paragraph\"><strong>Bel \u00e9t\u00e9 \u00e0 tous\u00a0!<\/strong><\/p>\n","protected":false},"excerpt":{"rendered":"<p>\u00ab\u00a0J\u00e9sus se retira et partit en barque pour un endroit d\u00e9sert, \u00e0 l\u2019\u00e9cart.\u00bb Mt 14,13 > J\u00e9sus, lui aussi, sait prendre des temps de \u00ab\u00a0vacance(s)\u00a0\u00bb, c\u2019est-\u00e0-dire de retraite, loin de l\u2019agitation et du travail quotidien. Ici, on nous dit m\u00eame qu\u2019il part en barque. > Contrairement \u00e0 nos limousines-break extensibles quasiment \u00e0 l\u2019infini gr\u00e2ce aux galeries et remorques qu\u2019on leur adjoint parfois, une barque est un v\u00e9hicule qui ne permet pas d\u2019emporter beaucoup de mat\u00e9riel. J\u00e9sus n\u2019a ni portable, ni chargeur de t\u00e9l\u00e9phone, ni cahiers de vacances avec lui. Il se retire et donc n\u2019emporte pas ce qui fait son quotidien. > Au milieu de cet \u00e9t\u00e9, puissions-nous laisser de \u2026 <a class=\"continue-reading-link\" href=\"https:\/\/levangilealecran.com\/?p=2108\"> Continue reading <span class=\"meta-nav\">&rarr; <\/span><\/a><\/p>\n","protected":false},"author":2006,"featured_media":0,"comment_status":"open","ping_status":"open","sticky":false,"template":"","format":"standard","meta":{"footnotes":""},"categories":[4,8],"tags":[289,787,788,110,102],"class_list":["post-2108","post","type-post","status-publish","format-standard","hentry","category-dimanche","category-matthieu","tag-desert","tag-retrait","tag-retraite","tag-temps","tag-vacances"],"_links":{"self":[{"href":"https:\/\/levangilealecran.com\/index.php?rest_route=\/wp\/v2\/posts\/2108","targetHints":{"allow":["GET"]}}],"collection":[{"href":"https:\/\/levangilealecran.com\/index.php?rest_route=\/wp\/v2\/posts"}],"about":[{"href":"https:\/\/levangilealecran.com\/index.php?rest_route=\/wp\/v2\/types\/post"}],"author":[{"embeddable":true,"href":"https:\/\/levangilealecran.com\/index.php?rest_route=\/wp\/v2\/users\/2006"}],"replies":[{"embeddable":true,"href":"https:\/\/levangilealecran.com\/index.php?rest_route=%2Fwp%2Fv2%2Fcomments&post=2108"}],"version-history":[{"count":1,"href":"https:\/\/levangilealecran.com\/index.php?rest_route=\/wp\/v2\/posts\/2108\/revisions"}],"predecessor-version":[{"id":2110,"href":"https:\/\/levangilealecran.com\/index.php?rest_route=\/wp\/v2\/posts\/2108\/revisions\/2110"}],"wp:attachment":[{"href":"https:\/\/levangilealecran.com\/index.php?rest_route=%2Fwp%2Fv2%2Fmedia&parent=2108"}],"wp:term":[{"taxonomy":"category","embeddable":true,"href":"https:\/\/levangilealecran.com\/index.php?rest_route=%2Fwp%2Fv2%2Fcategories&post=2108"},{"taxonomy":"post_tag","embeddable":true,"href":"https:\/\/levangilealecran.com\/index.php?rest_route=%2Fwp%2Fv2%2Ftags&post=2108"}],"curies":[{"name":"wp","href":"https:\/\/api.w.org\/{rel}","templated":true}]}}