{"id":2104,"date":"2020-07-17T08:00:00","date_gmt":"2020-07-17T06:00:00","guid":{"rendered":"https:\/\/levangilealecran.com\/?p=2104"},"modified":"2020-07-13T09:58:23","modified_gmt":"2020-07-13T07:58:23","slug":"16e-dimanche-du-temps-ordinaire-a-19-juillet-2020","status":"publish","type":"post","link":"https:\/\/levangilealecran.com\/?p=2104","title":{"rendered":"16e dimanche du temps ordinaire &#8211; A &#8211; 19 juillet 2020"},"content":{"rendered":"\n<blockquote class=\"wp-block-quote is-layout-flow wp-block-quote-is-layout-flow\"><p>\u00ab\u00a0Non, en enlevant l\u2019ivraie, vous risquez d\u2019arracher le bl\u00e9 en m\u00eame temps. Laissez-les pousser ensemble jusqu\u2019\u00e0 la moisson. \u00bb<\/p><cite>Mt 13,29-30a<\/cite><\/blockquote>\n\n\n\n<figure class=\"wp-block-image size-large\"><img loading=\"lazy\" decoding=\"async\" width=\"600\" height=\"600\" src=\"https:\/\/levangilealecran.com\/wp-content\/uploads\/2020\/07\/ImageEvEcr2020_07_19.jpg\" alt=\"\" class=\"wp-image-2106\" srcset=\"https:\/\/levangilealecran.com\/wp-content\/uploads\/2020\/07\/ImageEvEcr2020_07_19.jpg 600w, https:\/\/levangilealecran.com\/wp-content\/uploads\/2020\/07\/ImageEvEcr2020_07_19-300x300.jpg 300w, https:\/\/levangilealecran.com\/wp-content\/uploads\/2020\/07\/ImageEvEcr2020_07_19-150x150.jpg 150w\" sizes=\"auto, (max-width: 600px) 100vw, 600px\" \/><\/figure>\n\n\n\n<p class=\"wp-block-paragraph\"><strong>&gt; Pour faire \u00e9cho \u00e0 cette parabole du bon grain et de l\u2019ivraie, voici le conte de l&rsquo;arbre&nbsp;:<\/strong><\/p>\n\n\n\n<p class=\"has-text-align-center wp-block-paragraph\"><em>Dans un pays aride, fut autrefois un arbre prodigieux. Sur la plaine, on ne voyait que lui, largement d\u00e9ploy\u00e9 entre les bl\u00e9s malingres et le vaste ciel bleu. Personne ne savait son \u00e2ge. On disait qu&rsquo;il \u00e9tait aussi vieux que la Terre. Des femmes st\u00e9riles venaient parfois le supplier de les rendre f\u00e9condes, des hommes en secret cherchaient aupr\u00e8s de lui des r\u00e9ponses \u00e0 des questions inexprimables et les loups lui parlaient, certaines nuits sans lune, mais personne jamais ne go\u00fbtait \u00e0 ses fruits.&nbsp;<br><br>Ils \u00e9taient pourtant magnifiques, si luisants et dor\u00e9s, le long de ses branches ma\u00eetresses pareilles \u00e0 deux bras offerts dans le feuillage qu&rsquo;ils attiraient les mains et les bouches des enfants ignorants. Eux seuls osaient les d\u00e9sirer. On leur apprenait alors l&rsquo;\u00e9trange et vieille v\u00e9rit\u00e9. La moiti\u00e9 de ces fruits \u00e9tait empoisonn\u00e9e. Or, tous, bons ou mauvais, \u00e9taient d&rsquo;aspect semblable. Des deux branches ouvertes en haut du tronc \u00e9norme l&rsquo;une portait la mort, l&rsquo;autre portait la vie, mais on ne savait laquelle nourrissait et laquelle tuait. Et donc on regardait mais on ne touchait pas.&nbsp;<br><br>Vint un \u00e9t\u00e9 trop chaud, puis un automne sec, puis un hiver glacial. Neige et vent emport\u00e8rent les granges et les toits des bergeries. Les givres du printemps br\u00fbl\u00e8rent les bourgeons, et la famine envahit le pays. Seul, sur la plaine, l&rsquo;arbre demeura imperturbable. Aucun de ses fruits n&rsquo;avait p\u00e9ri. Malgr\u00e9 les froidures, ils \u00e9taient rest\u00e9s en aussi grand nombre que les \u00e9toiles du ciel. Les gens, voyant ce vieux p\u00e8re solitaire miraculeusement rescap\u00e9 des bourrasques, s&rsquo;approch\u00e8rent de lui, ind\u00e9cis et craintifs. Ils interrog\u00e8rent son feuillage. Ils n&rsquo;en eurent pas de r\u00e9ponse. Ils se dirent alors qu&rsquo;il leur fallait choisir entre le risque de tomber foudroy\u00e9s, s&rsquo;ils go\u00fbtaient aux merveilles dor\u00e9es qui luisaient parmi les feuilles, et la certitude de mourir de faim, s&rsquo;ils n&rsquo;y go\u00fbtaient pas.&nbsp;<br><br>Comme ils se laissaient aller en discussions confuses, un homme dont le fils ne vivait plus qu&rsquo;\u00e0 peine osa soudain s&rsquo;avancer d&rsquo;un pas ferme. Sous la branche de droite, il fit halte, cueillit un fruit, ferma les yeux, le croqua et resta debout, le souffle bienheureux. Alors tous, \u00e0 sa suite, se bouscul\u00e8rent et se gorg\u00e8rent d\u00e9licieusement des fruits sains de la branche de droite, qui repouss\u00e8rent aussit\u00f4t, \u00e0 peine cueillis, parmi les verdures bruissantes. Les hommes s&rsquo;en r\u00e9jouirent infiniment. Huit jours durant, ils festoy\u00e8rent, riant de leurs effrois pass\u00e9s.&nbsp;<br><br>Ils savaient d\u00e9sormais o\u00f9 \u00e9taient les rejetons malfaisants de cet arbre : sur la branche de gauche. Ils la regard\u00e8rent d&rsquo;abord d&rsquo;un air de d\u00e9fi, puis leur vint une rancune haineuse. A cause de la peur qu&rsquo;ils avaient eu d&rsquo;elle ils avaient failli mourir de faim. Ils la jug\u00e8rent bient\u00f4t inutile que dangereuse. Un enfant \u00e9tourdi pouvait, un jour, se prendre \u00e0 des fruits pervers que rien ne distinguait des bons. Ils d\u00e9cid\u00e8rent donc de la couper au ras du tronc, ce qu&rsquo;ils firent avec une joie vengeresse.&nbsp;<br><br>Le lendemain, tous les bons fruits de la branche de droite \u00e9taient tomb\u00e9s et pourrissaient dans la poussi\u00e8re. L&rsquo;arbre amput\u00e9 de sa moiti\u00e9 empoisonn\u00e9e n&rsquo;offrait plus au grand soleil qu&rsquo;un feuillage racorni. Son \u00e9corce avait noirci. Les oiseaux l&rsquo;avaient fui. Il \u00e9tait mort.&nbsp;<\/em><\/p>\n\n\n\n<p class=\"wp-block-paragraph\">(Conte de l&rsquo;Inde, Henri Gougaud, L&rsquo;arbre d&rsquo;amour et de sagesse, Ed. du Seuil)<\/p>\n\n\n\n<p class=\"wp-block-paragraph\"><strong>&gt; Quels sont les bons et les mauvais fruits dans ma vie ?&nbsp;<\/strong><\/p>\n\n\n\n<p class=\"wp-block-paragraph\"><strong>&gt; Cette semaine, prenons le temps pour m\u00e9diter sur les bons et mauvais fruits sur l\u2019arbre de notre vie, sur leurs liens, et accueillons-les dans cette esp\u00e9rance que le moissonneur saura faire le tri quand viendra le temps.<\/strong><\/p>\n","protected":false},"excerpt":{"rendered":"<p>\u00ab\u00a0Non, en enlevant l\u2019ivraie, vous risquez d\u2019arracher le bl\u00e9 en m\u00eame temps. Laissez-les pousser ensemble jusqu\u2019\u00e0 la moisson. \u00bb Mt 13,29-30a &gt; Pour faire \u00e9cho \u00e0 cette parabole du bon grain et de l\u2019ivraie, voici le conte de l&rsquo;arbre&nbsp;: Dans un pays aride, fut autrefois un arbre prodigieux. Sur la plaine, on ne voyait que lui, largement d\u00e9ploy\u00e9 entre les bl\u00e9s malingres et le vaste ciel bleu. Personne ne savait son \u00e2ge. On disait qu&rsquo;il \u00e9tait aussi vieux que la Terre. Des femmes st\u00e9riles venaient parfois le supplier de les rendre f\u00e9condes, des hommes en secret cherchaient aupr\u00e8s de lui des r\u00e9ponses \u00e0 des questions inexprimables et les loups lui \u2026 <a class=\"continue-reading-link\" href=\"https:\/\/levangilealecran.com\/?p=2104\"> Continue reading <span class=\"meta-nav\">&rarr; <\/span><\/a><\/p>\n","protected":false},"author":2006,"featured_media":0,"comment_status":"open","ping_status":"open","sticky":false,"template":"","format":"standard","meta":{"footnotes":""},"categories":[4,8],"tags":[327,50,678,592,389,103,786],"class_list":["post-2104","post","type-post","status-publish","format-standard","hentry","category-dimanche","category-matthieu","tag-bien","tag-esperance","tag-fruits","tag-ivraie","tag-mal","tag-moisson","tag-parbabole"],"_links":{"self":[{"href":"https:\/\/levangilealecran.com\/index.php?rest_route=\/wp\/v2\/posts\/2104","targetHints":{"allow":["GET"]}}],"collection":[{"href":"https:\/\/levangilealecran.com\/index.php?rest_route=\/wp\/v2\/posts"}],"about":[{"href":"https:\/\/levangilealecran.com\/index.php?rest_route=\/wp\/v2\/types\/post"}],"author":[{"embeddable":true,"href":"https:\/\/levangilealecran.com\/index.php?rest_route=\/wp\/v2\/users\/2006"}],"replies":[{"embeddable":true,"href":"https:\/\/levangilealecran.com\/index.php?rest_route=%2Fwp%2Fv2%2Fcomments&post=2104"}],"version-history":[{"count":1,"href":"https:\/\/levangilealecran.com\/index.php?rest_route=\/wp\/v2\/posts\/2104\/revisions"}],"predecessor-version":[{"id":2107,"href":"https:\/\/levangilealecran.com\/index.php?rest_route=\/wp\/v2\/posts\/2104\/revisions\/2107"}],"wp:attachment":[{"href":"https:\/\/levangilealecran.com\/index.php?rest_route=%2Fwp%2Fv2%2Fmedia&parent=2104"}],"wp:term":[{"taxonomy":"category","embeddable":true,"href":"https:\/\/levangilealecran.com\/index.php?rest_route=%2Fwp%2Fv2%2Fcategories&post=2104"},{"taxonomy":"post_tag","embeddable":true,"href":"https:\/\/levangilealecran.com\/index.php?rest_route=%2Fwp%2Fv2%2Ftags&post=2104"}],"curies":[{"name":"wp","href":"https:\/\/api.w.org\/{rel}","templated":true}]}}