{"id":2100,"date":"2020-07-10T08:06:03","date_gmt":"2020-07-10T06:06:03","guid":{"rendered":"https:\/\/levangilealecran.com\/?p=2100"},"modified":"2020-07-10T09:30:20","modified_gmt":"2020-07-10T07:30:20","slug":"15e-dimanche-du-temps-ordinaire-a-12-juillet-2020","status":"publish","type":"post","link":"https:\/\/levangilealecran.com\/?p=2100","title":{"rendered":"15e dimanche du temps ordinaire A \u2013 12 juillet 2020"},"content":{"rendered":"\n<blockquote class=\"wp-block-quote is-layout-flow wp-block-quote-is-layout-flow\"><p>\u00ab\u00a0C&rsquo;est pourquoi je leur parle en paraboles, parce qu&rsquo;en voyant ils ne voient point, et qu&rsquo;en entendant ils n&rsquo;entendent ni ne comprennent\u00a0\u00bb<\/p><cite>(Matthieu 13,13)<\/cite><\/blockquote>\n\n\n\n<figure class=\"wp-block-image size-large\"><img loading=\"lazy\" decoding=\"async\" width=\"960\" height=\"639\" src=\"https:\/\/levangilealecran.com\/wp-content\/uploads\/2020\/07\/107813847_1755647511259100_1727555936943596109_n.jpg\" alt=\"\" class=\"wp-image-2102\" srcset=\"https:\/\/levangilealecran.com\/wp-content\/uploads\/2020\/07\/107813847_1755647511259100_1727555936943596109_n.jpg 960w, https:\/\/levangilealecran.com\/wp-content\/uploads\/2020\/07\/107813847_1755647511259100_1727555936943596109_n-300x200.jpg 300w, https:\/\/levangilealecran.com\/wp-content\/uploads\/2020\/07\/107813847_1755647511259100_1727555936943596109_n-768x511.jpg 768w, https:\/\/levangilealecran.com\/wp-content\/uploads\/2020\/07\/107813847_1755647511259100_1727555936943596109_n-600x399.jpg 600w, https:\/\/levangilealecran.com\/wp-content\/uploads\/2020\/07\/107813847_1755647511259100_1727555936943596109_n-150x100.jpg 150w, https:\/\/levangilealecran.com\/wp-content\/uploads\/2020\/07\/107813847_1755647511259100_1727555936943596109_n-225x150.jpg 225w\" sizes=\"auto, (max-width: 960px) 100vw, 960px\" \/><\/figure>\n\n\n\n<p class=\"wp-block-paragraph\"><strong>&gt; On peut \u00eatre aveugles et sourds m\u00eame si nos yeux et nos oreilles sont en bon \u00e9tat de fonctionnement !<\/strong><\/p>\n\n\n\n<p class=\"wp-block-paragraph\"><strong>Dans ce temps de vacances qui s&rsquo;annonce, est ce que je vais m&rsquo;agiter et me lamenter de tout ce qui, cette ann\u00e9e, n&rsquo;est pas possible \u00e0 mettre sur pieds : grands voyages, billets d&rsquo;avion pas encore rembours\u00e9s&#8230;?<\/strong><\/p>\n\n\n\n<p class=\"wp-block-paragraph\"><strong>Ou bien vais-je me laisser d\u00e9placer int\u00e9rieurement par la force des images et de la parabole que nous raconte ce temps?? La nature est si belle, tout a \u00e9t\u00e9 sem\u00e9 pour nous par le grand Semeur&#8230;et il fait refleurir nos plus grands d\u00e9serts int\u00e9rieurs, ceux qui ont \u00e9t\u00e9 forc\u00e9s de s&rsquo;isoler et de se prot\u00e9ger !<\/strong><\/p>\n\n\n\n<p class=\"wp-block-paragraph\"><strong>Bel \u00e9t\u00e9 dans la gr\u00e2ce du Dieu qui a sem\u00e9 paroles et images pour que nos yeux et nos coeurs s&rsquo;ouvrent !!<\/strong><\/p>\n","protected":false},"excerpt":{"rendered":"<p>\u00ab\u00a0C&rsquo;est pourquoi je leur parle en paraboles, parce qu&rsquo;en voyant ils ne voient point, et qu&rsquo;en entendant ils n&rsquo;entendent ni ne comprennent\u00a0\u00bb (Matthieu 13,13) &gt; On peut \u00eatre aveugles et sourds m\u00eame si nos yeux et nos oreilles sont en bon \u00e9tat de fonctionnement ! Dans ce temps de vacances qui s&rsquo;annonce, est ce que je vais m&rsquo;agiter et me lamenter de tout ce qui, cette ann\u00e9e, n&rsquo;est pas possible \u00e0 mettre sur pieds : grands voyages, billets d&rsquo;avion pas encore rembours\u00e9s&#8230;? Ou bien vais-je me laisser d\u00e9placer int\u00e9rieurement par la force des images et de la parabole que nous raconte ce temps?? La nature est si belle, tout a \u2026 <a class=\"continue-reading-link\" href=\"https:\/\/levangilealecran.com\/?p=2100\"> Continue reading <span class=\"meta-nav\">&rarr; <\/span><\/a><\/p>\n","protected":false},"author":2006,"featured_media":0,"comment_status":"open","ping_status":"open","sticky":false,"template":"","format":"standard","meta":{"footnotes":""},"categories":[4,8],"tags":[784,635,785],"class_list":["post-2100","post","type-post","status-publish","format-standard","hentry","category-dimanche","category-matthieu","tag-ete-2","tag-paraboles","tag-seme"],"_links":{"self":[{"href":"https:\/\/levangilealecran.com\/index.php?rest_route=\/wp\/v2\/posts\/2100","targetHints":{"allow":["GET"]}}],"collection":[{"href":"https:\/\/levangilealecran.com\/index.php?rest_route=\/wp\/v2\/posts"}],"about":[{"href":"https:\/\/levangilealecran.com\/index.php?rest_route=\/wp\/v2\/types\/post"}],"author":[{"embeddable":true,"href":"https:\/\/levangilealecran.com\/index.php?rest_route=\/wp\/v2\/users\/2006"}],"replies":[{"embeddable":true,"href":"https:\/\/levangilealecran.com\/index.php?rest_route=%2Fwp%2Fv2%2Fcomments&post=2100"}],"version-history":[{"count":2,"href":"https:\/\/levangilealecran.com\/index.php?rest_route=\/wp\/v2\/posts\/2100\/revisions"}],"predecessor-version":[{"id":2103,"href":"https:\/\/levangilealecran.com\/index.php?rest_route=\/wp\/v2\/posts\/2100\/revisions\/2103"}],"wp:attachment":[{"href":"https:\/\/levangilealecran.com\/index.php?rest_route=%2Fwp%2Fv2%2Fmedia&parent=2100"}],"wp:term":[{"taxonomy":"category","embeddable":true,"href":"https:\/\/levangilealecran.com\/index.php?rest_route=%2Fwp%2Fv2%2Fcategories&post=2100"},{"taxonomy":"post_tag","embeddable":true,"href":"https:\/\/levangilealecran.com\/index.php?rest_route=%2Fwp%2Fv2%2Ftags&post=2100"}],"curies":[{"name":"wp","href":"https:\/\/api.w.org\/{rel}","templated":true}]}}