{"id":2091,"date":"2020-06-30T08:00:00","date_gmt":"2020-06-30T06:00:00","guid":{"rendered":"https:\/\/levangilealecran.com\/?p=2091"},"modified":"2020-06-27T09:23:56","modified_gmt":"2020-06-27T07:23:56","slug":"mardi-30-juin-2020","status":"publish","type":"post","link":"https:\/\/levangilealecran.com\/?p=2091","title":{"rendered":"Mardi 30 juin 2020"},"content":{"rendered":"\n<blockquote class=\"wp-block-quote is-layout-flow wp-block-quote-is-layout-flow\"><p>\u00ab\u00a0Mais J\u00e9sus leur dit\u00a0: \u00ab\u00a0Pourquoi \u00eates-vous si craintifs, hommes de peu de foi\u00a0?\u00a0\u00bb<\/p><cite>Mt 8,26<\/cite><\/blockquote>\n\n\n\n<figure class=\"wp-block-image size-large\"><img loading=\"lazy\" decoding=\"async\" width=\"600\" height=\"600\" src=\"https:\/\/levangilealecran.com\/wp-content\/uploads\/2020\/06\/ImageEvEcr2020_06_30.jpg\" alt=\"\" class=\"wp-image-2092\" srcset=\"https:\/\/levangilealecran.com\/wp-content\/uploads\/2020\/06\/ImageEvEcr2020_06_30.jpg 600w, https:\/\/levangilealecran.com\/wp-content\/uploads\/2020\/06\/ImageEvEcr2020_06_30-300x300.jpg 300w, https:\/\/levangilealecran.com\/wp-content\/uploads\/2020\/06\/ImageEvEcr2020_06_30-150x150.jpg 150w\" sizes=\"auto, (max-width: 600px) 100vw, 600px\" \/><\/figure>\n\n\n\n<p class=\"wp-block-paragraph\"><strong>> Bien souvent, dans les temp\u00eates de nos vies, quand nous sommes envahis par la peur ou frapp\u00e9s de stupeur, nous avons l\u2019impression que J\u00e9sus dort. Comme les disciples qui r\u00e9veillent J\u00e9sus par ces mots\u00a0:\u00a0\u00ab\u00a0<em>Seigneur, sauve-nous\u00a0! Nous sommes perdus<\/em>.\u00a0\u00bb, nous aussi nous aimerions parfois crier\u00a0: \u00ab\u00a0<em>Mais tu fais quoi, Seigneur\u00a0? Fais quelque chose pour moi, bon sang\u00a0!\u00a0Tu m\u2019as abandonn\u00e9 ou quoi\u00a0?<\/em>\u00a0\u00bb<\/strong><\/p>\n\n\n\n<p class=\"wp-block-paragraph\"><strong>Au cri (violent) des disciples, J\u00e9sus r\u00e9pond de mani\u00e8re violente aussi\u00a0:\u00a0\u00ab\u00a0<em>Pourquoi \u00eates-vous si craintifs, hommes de peu de foi\u00a0?\u00a0<\/em>\u00bb Par ces mots qui assur\u00e9ment ont d\u00fb secouer les disciples, J\u00e9sus les replace en fait devant leur responsabilit\u00e9\u00a0de croyant: ne pas se laisser envahir par la peur, et faire confiance.<\/strong><\/p>\n\n\n\n<p class=\"wp-block-paragraph\"><strong>Alors cette semaine, devant les craintes ou les peurs de nos vies, devant les orages petits ou grands qui peuvent y survenir, devant nos sentiments d\u2019\u00eatre parfois perdus, sans plus savoir o\u00f9 aller, \u00e9coutons cette phrase que J\u00e9sus nous adresse \u00e0 nous aussi\u00a0:\u00a0\u00ab\u00a0<em>Pourquoi \u00eates-vous si craintifs(ves), hommes(femmes) de peu de foi\u00a0?\u00a0\u00bb.\u00a0<\/em>Faisons le choix de ne pas nous laisser envahir par la peur, faisons le choix de la foi, de la confiance. Et ainsi, peut-\u00eatre, en nous, se fera \u00ab\u00a0un grand calme\u00a0\u00bb.<\/strong><\/p>\n","protected":false},"excerpt":{"rendered":"<p>\u00ab\u00a0Mais J\u00e9sus leur dit\u00a0: \u00ab\u00a0Pourquoi \u00eates-vous si craintifs, hommes de peu de foi\u00a0?\u00a0\u00bb Mt 8,26 > Bien souvent, dans les temp\u00eates de nos vies, quand nous sommes envahis par la peur ou frapp\u00e9s de stupeur, nous avons l\u2019impression que J\u00e9sus dort. Comme les disciples qui r\u00e9veillent J\u00e9sus par ces mots\u00a0:\u00a0\u00ab\u00a0Seigneur, sauve-nous\u00a0! Nous sommes perdus.\u00a0\u00bb, nous aussi nous aimerions parfois crier\u00a0: \u00ab\u00a0Mais tu fais quoi, Seigneur\u00a0? Fais quelque chose pour moi, bon sang\u00a0!\u00a0Tu m\u2019as abandonn\u00e9 ou quoi\u00a0?\u00a0\u00bb Au cri (violent) des disciples, J\u00e9sus r\u00e9pond de mani\u00e8re violente aussi\u00a0:\u00a0\u00ab\u00a0Pourquoi \u00eates-vous si craintifs, hommes de peu de foi\u00a0?\u00a0\u00bb Par ces mots qui assur\u00e9ment ont d\u00fb secouer les disciples, J\u00e9sus les replace en fait \u2026 <a class=\"continue-reading-link\" href=\"https:\/\/levangilealecran.com\/?p=2091\"> Continue reading <span class=\"meta-nav\">&rarr; <\/span><\/a><\/p>\n","protected":false},"author":2006,"featured_media":0,"comment_status":"open","ping_status":"open","sticky":false,"template":"","format":"standard","meta":{"footnotes":""},"categories":[8],"tags":[26,76,162,369],"class_list":["post-2091","post","type-post","status-publish","format-standard","hentry","category-matthieu","tag-confiance","tag-foi","tag-peur","tag-responsabilite"],"_links":{"self":[{"href":"https:\/\/levangilealecran.com\/index.php?rest_route=\/wp\/v2\/posts\/2091","targetHints":{"allow":["GET"]}}],"collection":[{"href":"https:\/\/levangilealecran.com\/index.php?rest_route=\/wp\/v2\/posts"}],"about":[{"href":"https:\/\/levangilealecran.com\/index.php?rest_route=\/wp\/v2\/types\/post"}],"author":[{"embeddable":true,"href":"https:\/\/levangilealecran.com\/index.php?rest_route=\/wp\/v2\/users\/2006"}],"replies":[{"embeddable":true,"href":"https:\/\/levangilealecran.com\/index.php?rest_route=%2Fwp%2Fv2%2Fcomments&post=2091"}],"version-history":[{"count":1,"href":"https:\/\/levangilealecran.com\/index.php?rest_route=\/wp\/v2\/posts\/2091\/revisions"}],"predecessor-version":[{"id":2093,"href":"https:\/\/levangilealecran.com\/index.php?rest_route=\/wp\/v2\/posts\/2091\/revisions\/2093"}],"wp:attachment":[{"href":"https:\/\/levangilealecran.com\/index.php?rest_route=%2Fwp%2Fv2%2Fmedia&parent=2091"}],"wp:term":[{"taxonomy":"category","embeddable":true,"href":"https:\/\/levangilealecran.com\/index.php?rest_route=%2Fwp%2Fv2%2Fcategories&post=2091"},{"taxonomy":"post_tag","embeddable":true,"href":"https:\/\/levangilealecran.com\/index.php?rest_route=%2Fwp%2Fv2%2Ftags&post=2091"}],"curies":[{"name":"wp","href":"https:\/\/api.w.org\/{rel}","templated":true}]}}