{"id":209,"date":"2013-03-01T22:25:18","date_gmt":"2013-03-01T21:25:18","guid":{"rendered":"http:\/\/levangilealecran.com?p=209"},"modified":"2013-03-07T13:13:19","modified_gmt":"2013-03-07T12:13:19","slug":"3e-dimanche-de-careme-c","status":"publish","type":"post","link":"https:\/\/levangilealecran.com\/?p=209","title":{"rendered":"3e dimanche de Car\u00eame &#8211; C"},"content":{"rendered":"<p>\u00ab\u00a0Seigneur, laisse-le encore cette ann\u00e9e, le temps que je b\u00eache autour pour y mettre du fumier, peut-\u00eatre donnera-t-il du fruit. Sinon tu le couperas.\u00a0\u00bb (Lc 13, 8-9)<\/p>\n<p><strong>&gt; M\u00eame s&rsquo;il nous arrive de perdre courage et que l&rsquo;esp\u00e9rance vient \u00e0 manquer, le Seigneur ne perd jamais foi en nous ! Alors cette semaine, essayons de ne pas perdre coeur devant ce qui appara\u00eet comme cause perdue \u00e0 nos humbles yeux. Avec un peu d&rsquo;attention et beaucoup d&rsquo;amour, rien ne peut \u00eatre cause perdue ! Car rien n&rsquo;est impossible \u00e0 celui qui croit&#8230;<\/strong><\/p>\n","protected":false},"excerpt":{"rendered":"<p>\u00ab\u00a0Seigneur, laisse-le encore cette ann\u00e9e, le temps que je b\u00eache autour pour y mettre du fumier, peut-\u00eatre donnera-t-il du fruit. Sinon tu le couperas.\u00a0\u00bb (Lc 13, 8-9) &gt; M\u00eame s&rsquo;il nous arrive de perdre courage et que l&rsquo;esp\u00e9rance vient \u00e0 manquer, le Seigneur ne perd jamais foi en nous ! Alors cette semaine, essayons de ne pas perdre coeur devant ce qui appara\u00eet comme cause perdue \u00e0 nos humbles yeux. Avec un peu d&rsquo;attention et beaucoup d&rsquo;amour, rien ne peut \u00eatre cause perdue ! Car rien n&rsquo;est impossible \u00e0 celui qui croit&#8230;<\/p>\n","protected":false},"author":1,"featured_media":0,"comment_status":"open","ping_status":"open","sticky":false,"template":"","format":"standard","meta":{"footnotes":""},"categories":[44,6],"tags":[16,51,50,431],"class_list":["post-209","post","type-post","status-publish","format-standard","hentry","category-careme","category-luc","tag-amour","tag-courage","tag-esperance","tag-luc"],"_links":{"self":[{"href":"https:\/\/levangilealecran.com\/index.php?rest_route=\/wp\/v2\/posts\/209","targetHints":{"allow":["GET"]}}],"collection":[{"href":"https:\/\/levangilealecran.com\/index.php?rest_route=\/wp\/v2\/posts"}],"about":[{"href":"https:\/\/levangilealecran.com\/index.php?rest_route=\/wp\/v2\/types\/post"}],"author":[{"embeddable":true,"href":"https:\/\/levangilealecran.com\/index.php?rest_route=\/wp\/v2\/users\/1"}],"replies":[{"embeddable":true,"href":"https:\/\/levangilealecran.com\/index.php?rest_route=%2Fwp%2Fv2%2Fcomments&post=209"}],"version-history":[{"count":3,"href":"https:\/\/levangilealecran.com\/index.php?rest_route=\/wp\/v2\/posts\/209\/revisions"}],"predecessor-version":[{"id":225,"href":"https:\/\/levangilealecran.com\/index.php?rest_route=\/wp\/v2\/posts\/209\/revisions\/225"}],"wp:attachment":[{"href":"https:\/\/levangilealecran.com\/index.php?rest_route=%2Fwp%2Fv2%2Fmedia&parent=209"}],"wp:term":[{"taxonomy":"category","embeddable":true,"href":"https:\/\/levangilealecran.com\/index.php?rest_route=%2Fwp%2Fv2%2Fcategories&post=209"},{"taxonomy":"post_tag","embeddable":true,"href":"https:\/\/levangilealecran.com\/index.php?rest_route=%2Fwp%2Fv2%2Ftags&post=209"}],"curies":[{"name":"wp","href":"https:\/\/api.w.org\/{rel}","templated":true}]}}