{"id":2088,"date":"2020-06-26T14:15:07","date_gmt":"2020-06-26T12:15:07","guid":{"rendered":"https:\/\/levangilealecran.com\/?p=2088"},"modified":"2020-06-26T14:15:07","modified_gmt":"2020-06-26T12:15:07","slug":"13e-dimanche-du-temps-ordinaire-28-juin-2020","status":"publish","type":"post","link":"https:\/\/levangilealecran.com\/?p=2088","title":{"rendered":"13e dimanche du temps ordinaire &#8211; 28 juin 2020"},"content":{"rendered":"\n<blockquote class=\"wp-block-quote is-layout-flow wp-block-quote-is-layout-flow\"><p>\u00ab Celui qui aime son p\u00e8re ou sa m\u00e8re plus que moi n\u2019est pas digne de moi ; celui qui aime son fils ou sa fille plus que moi n\u2019est pas digne de moi. \u00bb<\/p><cite>(Mt 10,37)<\/cite><\/blockquote>\n\n\n\n<figure class=\"wp-block-image size-large\"><img loading=\"lazy\" decoding=\"async\" width=\"840\" height=\"900\" src=\"https:\/\/levangilealecran.com\/wp-content\/uploads\/2020\/06\/677ad987c5845a580ef30f257dc6dab2.png\" alt=\"\" class=\"wp-image-2089\" srcset=\"https:\/\/levangilealecran.com\/wp-content\/uploads\/2020\/06\/677ad987c5845a580ef30f257dc6dab2.png 840w, https:\/\/levangilealecran.com\/wp-content\/uploads\/2020\/06\/677ad987c5845a580ef30f257dc6dab2-280x300.png 280w, https:\/\/levangilealecran.com\/wp-content\/uploads\/2020\/06\/677ad987c5845a580ef30f257dc6dab2-768x823.png 768w, https:\/\/levangilealecran.com\/wp-content\/uploads\/2020\/06\/677ad987c5845a580ef30f257dc6dab2-600x643.png 600w, https:\/\/levangilealecran.com\/wp-content\/uploads\/2020\/06\/677ad987c5845a580ef30f257dc6dab2-140x150.png 140w\" sizes=\"auto, (max-width: 840px) 100vw, 840px\" \/><\/figure>\n\n\n\n<p class=\"wp-block-paragraph\"><strong>> Paroles qui peuvent scandaliser ! Qui pr\u00e9tend \u00eatre J\u00e9sus pour demander \u00e0 \u00eatre aim\u00e9 plus que p\u00e8re et m\u00e8re, plus que fils et fille ?<\/strong><\/p>\n\n\n\n<p class=\"wp-block-paragraph\"><strong>P\u00e8re, m\u00e8re, fils, fille, relations qui fondent notre vie. Socle de nos affections extra-familiales. Pour le meilleur et pour le pire. Elles y puisent leur stabilit\u00e9, elles peuvent aussi en rester \u00e0 jamais fragiles et difficiles. En demandant \u00e0 \u00eatre aim\u00e9 plus que nos plus proches, J\u00e9sus invite \u00e0 chercher ailleurs que dans le cercle familial notre stabilit\u00e9. C\u2019est la relation avec lui qui devient le socle porteur de nos vies \u2013 notre Rocher, pour parler comme les psaumes. Chercher en lui notre solidit\u00e9 ne peut \u00eatre que bon pour toute autre relation. Nos intimes ne peuvent qu\u2019en b\u00e9n\u00e9ficier.<\/strong><\/p>\n\n\n\n<p class=\"wp-block-paragraph\"><strong>Par cette interpellation, J\u00e9sus demande aussi \u00e0 \u00eatre l\u2019ami auquel on se r\u00e9f\u00e8re en priorit\u00e9 pour d\u00e9cider de sa vie. Poser tel choix, prendre telle orientation doit se faire en s\u2019en remettant \u00e0 lui. Et puisque son commandement est d\u2019aimer comme il nous aime, lui ob\u00e9ir ne peut que bonifier l\u2019amour que nous portons \u00e0 p\u00e8re, m\u00e8re, fils ou fille.<\/strong><\/p>\n\n\n\n<p class=\"wp-block-paragraph\"><strong>Il ne s\u2019agit donc pas d\u2019aimer moins nos proches, mais de r\u00e9f\u00e9rer ces amours \u00e0 un Autre. Appel \u00e0 un retournement radical. Car m\u00eame dans mes amours apparemment les plus d\u00e9sint\u00e9ress\u00e9s JE reste souvent le p\u00f4le de r\u00e9f\u00e9rence. Seul celui qui aime absolument gratuitement peut m\u2019apprendre \u00e0 aimer comme lui et me lib\u00e9rer de toute recherche de moi-m\u00eame. Travail de toute une vie pour devenir \u00ab digne de lui \u00bb. Mais n\u2019est-il pas venu pour ceux qui ne sont pas dignes ? Ce qui compte c\u2019est d\u2019en avoir conscience et de se vouloir en chemin.<\/strong><\/p>\n","protected":false},"excerpt":{"rendered":"<p>\u00ab Celui qui aime son p\u00e8re ou sa m\u00e8re plus que moi n\u2019est pas digne de moi ; celui qui aime son fils ou sa fille plus que moi n\u2019est pas digne de moi. \u00bb (Mt 10,37) > Paroles qui peuvent scandaliser ! Qui pr\u00e9tend \u00eatre J\u00e9sus pour demander \u00e0 \u00eatre aim\u00e9 plus que p\u00e8re et m\u00e8re, plus que fils et fille ? P\u00e8re, m\u00e8re, fils, fille, relations qui fondent notre vie. Socle de nos affections extra-familiales. Pour le meilleur et pour le pire. Elles y puisent leur stabilit\u00e9, elles peuvent aussi en rester \u00e0 jamais fragiles et difficiles. En demandant \u00e0 \u00eatre aim\u00e9 plus que nos plus proches, J\u00e9sus \u2026 <a class=\"continue-reading-link\" href=\"https:\/\/levangilealecran.com\/?p=2088\"> Continue reading <span class=\"meta-nav\">&rarr; <\/span><\/a><\/p>\n","protected":false},"author":2006,"featured_media":0,"comment_status":"open","ping_status":"open","sticky":false,"template":"","format":"standard","meta":{"footnotes":""},"categories":[4,8],"tags":[16,224,780,272,271],"class_list":["post-2088","post","type-post","status-publish","format-standard","hentry","category-dimanche","category-matthieu","tag-amour","tag-famille","tag-fils","tag-pere","tag-relation"],"_links":{"self":[{"href":"https:\/\/levangilealecran.com\/index.php?rest_route=\/wp\/v2\/posts\/2088","targetHints":{"allow":["GET"]}}],"collection":[{"href":"https:\/\/levangilealecran.com\/index.php?rest_route=\/wp\/v2\/posts"}],"about":[{"href":"https:\/\/levangilealecran.com\/index.php?rest_route=\/wp\/v2\/types\/post"}],"author":[{"embeddable":true,"href":"https:\/\/levangilealecran.com\/index.php?rest_route=\/wp\/v2\/users\/2006"}],"replies":[{"embeddable":true,"href":"https:\/\/levangilealecran.com\/index.php?rest_route=%2Fwp%2Fv2%2Fcomments&post=2088"}],"version-history":[{"count":1,"href":"https:\/\/levangilealecran.com\/index.php?rest_route=\/wp\/v2\/posts\/2088\/revisions"}],"predecessor-version":[{"id":2090,"href":"https:\/\/levangilealecran.com\/index.php?rest_route=\/wp\/v2\/posts\/2088\/revisions\/2090"}],"wp:attachment":[{"href":"https:\/\/levangilealecran.com\/index.php?rest_route=%2Fwp%2Fv2%2Fmedia&parent=2088"}],"wp:term":[{"taxonomy":"category","embeddable":true,"href":"https:\/\/levangilealecran.com\/index.php?rest_route=%2Fwp%2Fv2%2Fcategories&post=2088"},{"taxonomy":"post_tag","embeddable":true,"href":"https:\/\/levangilealecran.com\/index.php?rest_route=%2Fwp%2Fv2%2Ftags&post=2088"}],"curies":[{"name":"wp","href":"https:\/\/api.w.org\/{rel}","templated":true}]}}