{"id":2084,"date":"2020-06-23T08:00:00","date_gmt":"2020-06-23T06:00:00","guid":{"rendered":"https:\/\/levangilealecran.com\/?p=2084"},"modified":"2020-06-22T17:12:46","modified_gmt":"2020-06-22T15:12:46","slug":"mardi-23-juin-2020","status":"publish","type":"post","link":"https:\/\/levangilealecran.com\/?p=2084","title":{"rendered":"Mardi 23 juin 2020"},"content":{"rendered":"\n<blockquote class=\"wp-block-quote is-layout-flow wp-block-quote-is-layout-flow\"><p><em>\u00a0\u00ab Combien est resserr\u00e9 le chemin qui m\u00e8ne \u00e0 la vie, et peu nombreux ceux qui le trouvent\u2026 \u00bb<\/em><\/p><cite><em>Mt 7,14<\/em><\/cite><\/blockquote>\n\n\n\n<figure class=\"wp-block-image size-large\"><img loading=\"lazy\" decoding=\"async\" width=\"684\" height=\"1024\" src=\"https:\/\/levangilealecran.com\/wp-content\/uploads\/2020\/06\/ImageEvEcr2020_06_23-684x1024.jpg\" alt=\"\" class=\"wp-image-2085\" srcset=\"https:\/\/levangilealecran.com\/wp-content\/uploads\/2020\/06\/ImageEvEcr2020_06_23-684x1024.jpg 684w, https:\/\/levangilealecran.com\/wp-content\/uploads\/2020\/06\/ImageEvEcr2020_06_23-200x300.jpg 200w, https:\/\/levangilealecran.com\/wp-content\/uploads\/2020\/06\/ImageEvEcr2020_06_23-768x1151.jpg 768w, https:\/\/levangilealecran.com\/wp-content\/uploads\/2020\/06\/ImageEvEcr2020_06_23-600x899.jpg 600w, https:\/\/levangilealecran.com\/wp-content\/uploads\/2020\/06\/ImageEvEcr2020_06_23-1025x1536.jpg 1025w, https:\/\/levangilealecran.com\/wp-content\/uploads\/2020\/06\/ImageEvEcr2020_06_23-1367x2048.jpg 1367w, https:\/\/levangilealecran.com\/wp-content\/uploads\/2020\/06\/ImageEvEcr2020_06_23-100x150.jpg 100w, https:\/\/levangilealecran.com\/wp-content\/uploads\/2020\/06\/ImageEvEcr2020_06_23-scaled.jpg 1709w\" sizes=\"auto, (max-width: 684px) 100vw, 684px\" \/><\/figure>\n\n\n\n<p class=\"wp-block-paragraph\"><strong>&gt; Il y a des paroles de J\u00e9sus qui sont moins agr\u00e9ables \u00e0 entendre que d\u2019autres\u2026<\/strong><\/p>\n\n\n\n<p class=\"wp-block-paragraph\"><strong>Celle-l\u00e0 par exemple : C\u2019est un jugement ou un constat ?? Je pense que c\u2019est un constat\u2026c\u2019est l\u2019\u00e9pilogue du Sermon sur la montagne, qui vient nous rappeler que comme le sous-entendent aussi les B\u00e9atitudes au chapitre 5, la vie chr\u00e9tienne et le discernement qu\u2019elle stimule ne promettent pas un chemin de tout repos \u00e0 se royaumer dans de larges avenues\u2026 non\u2026 c\u2019est un chemin de singularit\u00e9, o\u00f9 parfois je pourrais bien me sentir seule !!<\/strong><\/p>\n\n\n\n<p class=\"wp-block-paragraph\"><strong>Cela me fait penser \u00e0 ce po\u00e8me de Robert Frost, \u00ab Le chemin d\u00e9laiss\u00e9 \u00bb qui se termine par ces vers :<\/strong><\/p>\n\n\n\n<p class=\"wp-block-paragraph\"><strong><em>Je raconte toutes ces choses avec un soupir<\/em><\/strong>.<br><strong><em>Quelque part, il y a longtemps, ici :<\/em><\/strong><br><strong><em>Deux chemins se s\u00e9paraient dans un bois et moi &#8211;<\/em><\/strong><br><strong><em>j&rsquo;ai pris celui qui \u00e9tait le moins battu,<\/em><\/strong><br><strong><em>et \u00e7a, \u00e7a a fait tout changer !<\/em><\/strong><\/p>\n\n\n\n<p class=\"wp-block-paragraph\"><strong>Oui, il appartient \u00e0 chacun de nous de r\u00e9pondre \u00e0 l\u2019appel \u00e0 la vie du Christ qu\u2019il a re\u00e7u.<\/strong><\/p>\n\n\n\n<p class=\"wp-block-paragraph\"><strong>Il nous faut des paroles qui apaisent et encouragent. Mais il nous faut aussi des paroles qui r\u00e9veillent et bousculent. C\u2019est bien ! parce que si l\u2019\u00c9vangile nous offre un salut gratuit et une esp\u00e9rance \u00e9ternelle, il nous appelle aussi \u00e0 un engagement personnel en retour et \u00e0 emprunter des voies nouvelles que Dieu nous aide \u00e0 baliser !<\/strong><\/p>\n","protected":false},"excerpt":{"rendered":"<p>\u00a0\u00ab Combien est resserr\u00e9 le chemin qui m\u00e8ne \u00e0 la vie, et peu nombreux ceux qui le trouvent\u2026 \u00bb Mt 7,14 &gt; Il y a des paroles de J\u00e9sus qui sont moins agr\u00e9ables \u00e0 entendre que d\u2019autres\u2026 Celle-l\u00e0 par exemple : C\u2019est un jugement ou un constat ?? Je pense que c\u2019est un constat\u2026c\u2019est l\u2019\u00e9pilogue du Sermon sur la montagne, qui vient nous rappeler que comme le sous-entendent aussi les B\u00e9atitudes au chapitre 5, la vie chr\u00e9tienne et le discernement qu\u2019elle stimule ne promettent pas un chemin de tout repos \u00e0 se royaumer dans de larges avenues\u2026 non\u2026 c\u2019est un chemin de singularit\u00e9, o\u00f9 parfois je pourrais bien me sentir \u2026 <a class=\"continue-reading-link\" href=\"https:\/\/levangilealecran.com\/?p=2084\"> Continue reading <span class=\"meta-nav\">&rarr; <\/span><\/a><\/p>\n","protected":false},"author":2006,"featured_media":0,"comment_status":"open","ping_status":"open","sticky":false,"template":"","format":"standard","meta":{"footnotes":""},"categories":[8],"tags":[99,101,105,50,352,52],"class_list":["post-2084","post","type-post","status-publish","format-standard","hentry","category-matthieu","tag-appel","tag-chemin","tag-engagement","tag-esperance","tag-salut","tag-vie"],"_links":{"self":[{"href":"https:\/\/levangilealecran.com\/index.php?rest_route=\/wp\/v2\/posts\/2084","targetHints":{"allow":["GET"]}}],"collection":[{"href":"https:\/\/levangilealecran.com\/index.php?rest_route=\/wp\/v2\/posts"}],"about":[{"href":"https:\/\/levangilealecran.com\/index.php?rest_route=\/wp\/v2\/types\/post"}],"author":[{"embeddable":true,"href":"https:\/\/levangilealecran.com\/index.php?rest_route=\/wp\/v2\/users\/2006"}],"replies":[{"embeddable":true,"href":"https:\/\/levangilealecran.com\/index.php?rest_route=%2Fwp%2Fv2%2Fcomments&post=2084"}],"version-history":[{"count":1,"href":"https:\/\/levangilealecran.com\/index.php?rest_route=\/wp\/v2\/posts\/2084\/revisions"}],"predecessor-version":[{"id":2086,"href":"https:\/\/levangilealecran.com\/index.php?rest_route=\/wp\/v2\/posts\/2084\/revisions\/2086"}],"wp:attachment":[{"href":"https:\/\/levangilealecran.com\/index.php?rest_route=%2Fwp%2Fv2%2Fmedia&parent=2084"}],"wp:term":[{"taxonomy":"category","embeddable":true,"href":"https:\/\/levangilealecran.com\/index.php?rest_route=%2Fwp%2Fv2%2Fcategories&post=2084"},{"taxonomy":"post_tag","embeddable":true,"href":"https:\/\/levangilealecran.com\/index.php?rest_route=%2Fwp%2Fv2%2Ftags&post=2084"}],"curies":[{"name":"wp","href":"https:\/\/api.w.org\/{rel}","templated":true}]}}