{"id":2078,"date":"2020-06-19T08:00:00","date_gmt":"2020-06-19T06:00:00","guid":{"rendered":"https:\/\/levangilealecran.com\/?p=2078"},"modified":"2020-06-18T18:14:01","modified_gmt":"2020-06-18T16:14:01","slug":"11e-dimanche-du-temps-ordinaire-21-juin-2020","status":"publish","type":"post","link":"https:\/\/levangilealecran.com\/?p=2078","title":{"rendered":"12e dimanche du temps ordinaire &#8211; 21 juin 2020"},"content":{"rendered":"\n<blockquote class=\"wp-block-quote is-layout-flow wp-block-quote-is-layout-flow\"><p>\u00ab Soyez donc sans crainte\u2026\u00bb <\/p><cite>Mt 10,31<\/cite><\/blockquote>\n\n\n\n<figure class=\"wp-block-image size-large\"><img loading=\"lazy\" decoding=\"async\" width=\"1024\" height=\"664\" src=\"https:\/\/levangilealecran.com\/wp-content\/uploads\/2020\/06\/Mt-10-31-1024x664.jpg\" alt=\"\" class=\"wp-image-2079\" srcset=\"https:\/\/levangilealecran.com\/wp-content\/uploads\/2020\/06\/Mt-10-31-1024x664.jpg 1024w, https:\/\/levangilealecran.com\/wp-content\/uploads\/2020\/06\/Mt-10-31-300x195.jpg 300w, https:\/\/levangilealecran.com\/wp-content\/uploads\/2020\/06\/Mt-10-31-768x498.jpg 768w, https:\/\/levangilealecran.com\/wp-content\/uploads\/2020\/06\/Mt-10-31-600x389.jpg 600w, https:\/\/levangilealecran.com\/wp-content\/uploads\/2020\/06\/Mt-10-31-1536x996.jpg 1536w, https:\/\/levangilealecran.com\/wp-content\/uploads\/2020\/06\/Mt-10-31-150x97.jpg 150w, https:\/\/levangilealecran.com\/wp-content\/uploads\/2020\/06\/Mt-10-31-231x150.jpg 231w, https:\/\/levangilealecran.com\/wp-content\/uploads\/2020\/06\/Mt-10-31.jpg 1684w\" sizes=\"auto, (max-width: 1024px) 100vw, 1024px\" \/><\/figure>\n\n\n\n<p class=\"wp-block-paragraph\"><strong>&gt; J\u00e9sus r\u00e9p\u00e8te \u00e0 de nombreuses reprises qu\u2019il ne nous faut pas avoir peur. Parfois \u00e0 l\u2019aide de paraboles derri\u00e8re lesquelles on lit que la peur est mauvaise conseill\u00e8re, parfois plus explicitement comme dans ce verset. La conjonction \u00ab donc \u00bb vient appuyer la d\u00e9monstration qu\u2019il a faite dans les versets qui pr\u00e9c\u00e8dent : Dieu s\u2019occupe m\u00eame des petits oiseaux, comment pourrait-il ne pas veiller sur chacun des cheveux de notre t\u00eate ?<\/strong><\/p>\n\n\n\n<p class=\"wp-block-paragraph\"><strong>&gt; Pendant des si\u00e8cles les Eglises de toutes confessions ont dessin\u00e9 dans l\u2019esprit de chacun le visage d\u2019un Dieu dont il fallait n\u00e9cessairement avoir peur, un Dieu-Juge, un Dieu-qui-nous-attend-au-contour, un Dieu-Vengeur. C\u2019\u00e9tait aussi le temps o\u00f9 l\u2019Eglise \u2013 quelle qu\u2019elle soit \u2013 r\u00e9servait la lecture de la Bible \u00e0 une \u00e9lite charg\u00e9e de la traduire et de l\u2019expliquer au bon peuple \u00e0 travers pr\u00e9dications et pr\u00e9ceptes. Par peur, justement, que le commun des mortels, ouvrant ce livre, ne d\u00e9couvre que le Dieu des Chr\u00e9tiens est justement celui dont il ne faut pas avoir peur, et que J\u00e9sus passe son temps \u00e0 nous le dire.<\/strong><\/p>\n\n\n\n<p class=\"wp-block-paragraph\"><strong>&gt; Alors n\u2019ayons plus jamais peur de Dieu et redisons-le autour de nous. Dieu est Justice et non pas Vengeance. Dieu est Salut et non pas Condamnation. Dieu est Amour et non pas Soumission. Dieu nous aime et nous n\u2019avons pas \u00e0 avoir peur de lui.<\/strong><\/p>\n","protected":false},"excerpt":{"rendered":"<p>\u00ab Soyez donc sans crainte\u2026\u00bb Mt 10,31 &gt; J\u00e9sus r\u00e9p\u00e8te \u00e0 de nombreuses reprises qu\u2019il ne nous faut pas avoir peur. Parfois \u00e0 l\u2019aide de paraboles derri\u00e8re lesquelles on lit que la peur est mauvaise conseill\u00e8re, parfois plus explicitement comme dans ce verset. La conjonction \u00ab donc \u00bb vient appuyer la d\u00e9monstration qu\u2019il a faite dans les versets qui pr\u00e9c\u00e8dent : Dieu s\u2019occupe m\u00eame des petits oiseaux, comment pourrait-il ne pas veiller sur chacun des cheveux de notre t\u00eate ? &gt; Pendant des si\u00e8cles les Eglises de toutes confessions ont dessin\u00e9 dans l\u2019esprit de chacun le visage d\u2019un Dieu dont il fallait n\u00e9cessairement avoir peur, un Dieu-Juge, un Dieu-qui-nous-attend-au-contour, un \u2026 <a class=\"continue-reading-link\" href=\"https:\/\/levangilealecran.com\/?p=2078\"> Continue reading <span class=\"meta-nav\">&rarr; <\/span><\/a><\/p>\n","protected":false},"author":2006,"featured_media":0,"comment_status":"open","ping_status":"open","sticky":false,"template":"","format":"standard","meta":{"footnotes":""},"categories":[4,8],"tags":[16,134,162,352],"class_list":["post-2078","post","type-post","status-publish","format-standard","hentry","category-dimanche","category-matthieu","tag-amour","tag-justice","tag-peur","tag-salut"],"_links":{"self":[{"href":"https:\/\/levangilealecran.com\/index.php?rest_route=\/wp\/v2\/posts\/2078","targetHints":{"allow":["GET"]}}],"collection":[{"href":"https:\/\/levangilealecran.com\/index.php?rest_route=\/wp\/v2\/posts"}],"about":[{"href":"https:\/\/levangilealecran.com\/index.php?rest_route=\/wp\/v2\/types\/post"}],"author":[{"embeddable":true,"href":"https:\/\/levangilealecran.com\/index.php?rest_route=\/wp\/v2\/users\/2006"}],"replies":[{"embeddable":true,"href":"https:\/\/levangilealecran.com\/index.php?rest_route=%2Fwp%2Fv2%2Fcomments&post=2078"}],"version-history":[{"count":2,"href":"https:\/\/levangilealecran.com\/index.php?rest_route=\/wp\/v2\/posts\/2078\/revisions"}],"predecessor-version":[{"id":2081,"href":"https:\/\/levangilealecran.com\/index.php?rest_route=\/wp\/v2\/posts\/2078\/revisions\/2081"}],"wp:attachment":[{"href":"https:\/\/levangilealecran.com\/index.php?rest_route=%2Fwp%2Fv2%2Fmedia&parent=2078"}],"wp:term":[{"taxonomy":"category","embeddable":true,"href":"https:\/\/levangilealecran.com\/index.php?rest_route=%2Fwp%2Fv2%2Fcategories&post=2078"},{"taxonomy":"post_tag","embeddable":true,"href":"https:\/\/levangilealecran.com\/index.php?rest_route=%2Fwp%2Fv2%2Ftags&post=2078"}],"curies":[{"name":"wp","href":"https:\/\/api.w.org\/{rel}","templated":true}]}}