{"id":2069,"date":"2020-06-12T14:06:49","date_gmt":"2020-06-12T12:06:49","guid":{"rendered":"https:\/\/levangilealecran.com\/?p=2069"},"modified":"2020-06-12T14:07:06","modified_gmt":"2020-06-12T12:07:06","slug":"11e-dimanche-du-temps-ordinaire-2","status":"publish","type":"post","link":"https:\/\/levangilealecran.com\/?p=2069","title":{"rendered":"11e dimanche du temps ordinaire &#8211; 14 juin 2020"},"content":{"rendered":"\n<blockquote class=\"wp-block-quote is-layout-flow wp-block-quote-is-layout-flow\"><p>\u00ab Je suis le pain vivant qui descend du ciel. \u00bb <\/p><cite>Jean 6, 51<\/cite><\/blockquote>\n\n\n\n<figure class=\"wp-block-image size-large\"><img loading=\"lazy\" decoding=\"async\" width=\"1024\" height=\"430\" src=\"https:\/\/levangilealecran.com\/wp-content\/uploads\/2020\/06\/fe20eace0afb457deaa53b6425e60ae4-1024x430.jpg\" alt=\"\" class=\"wp-image-2070\" srcset=\"https:\/\/levangilealecran.com\/wp-content\/uploads\/2020\/06\/fe20eace0afb457deaa53b6425e60ae4-1024x430.jpg 1024w, https:\/\/levangilealecran.com\/wp-content\/uploads\/2020\/06\/fe20eace0afb457deaa53b6425e60ae4-300x126.jpg 300w, https:\/\/levangilealecran.com\/wp-content\/uploads\/2020\/06\/fe20eace0afb457deaa53b6425e60ae4-768x323.jpg 768w, https:\/\/levangilealecran.com\/wp-content\/uploads\/2020\/06\/fe20eace0afb457deaa53b6425e60ae4-600x252.jpg 600w, https:\/\/levangilealecran.com\/wp-content\/uploads\/2020\/06\/fe20eace0afb457deaa53b6425e60ae4-1536x646.jpg 1536w, https:\/\/levangilealecran.com\/wp-content\/uploads\/2020\/06\/fe20eace0afb457deaa53b6425e60ae4-2048x861.jpg 2048w, https:\/\/levangilealecran.com\/wp-content\/uploads\/2020\/06\/fe20eace0afb457deaa53b6425e60ae4-150x63.jpg 150w, https:\/\/levangilealecran.com\/wp-content\/uploads\/2020\/06\/fe20eace0afb457deaa53b6425e60ae4-250x105.jpg 250w\" sizes=\"auto, (max-width: 1024px) 100vw, 1024px\" \/><\/figure>\n\n\n\n<p class=\"wp-block-paragraph\"><strong>&gt; La personne qui tient ces propos n\u2019est autre que J\u00e9sus. A la premi\u00e8re lecture, il semble bien que ces propos ne soient pas coh\u00e9rents. Du pain vivant ? Apr\u00e8s une heure de cuisson au four mont\u00e9 \u00e0 220 \u00b0C, chacun sait bien que tout \u00eatre vivant ne survit pas \u00e0 un tel traitement. Du pain qui descend du ciel ? Soyons s\u00e9rieux ! Ce qui descend du ciel, c\u2019est de l\u2019eau sous plusieurs formes : pluie, neige, gr\u00ealons, gr\u00e9sil\u2026, des d\u00e9charges \u00e9lectriques et, depuis le 12 avril 1961, de temps \u00e0 autre, un hurluberlu qui voulait voir les \u00e9toiles de plus pr\u00e8s. A leur retour, aucun de ces individus n\u2019a fait \u00e9tat d\u2019une boulangerie c\u00e9leste !<\/strong><\/p>\n\n\n\n<p class=\"wp-block-paragraph\"><strong>Des propos \u00e9tranges, donc, sur lesquels chacun est invit\u00e9 \u00e0 m\u00e9diter car le locuteur a pour habitude de tenir des propos qui d\u00e9coiffent. Ici, Il se prend m\u00eame pour du pain. Quel myst\u00e8re ! J\u00e9sus dit lui-m\u00eame que les Ecritures parlent de Lui. A son \u00e9poque, les Ecritures ne comptent que le Premier Testament. Justement dans le chapitre 16 du livre de l\u2019Exode, une histoire nous pr\u00e9sente autre chose qui descend du ciel : la manne, cette nourriture providentielle que Dieu envoya aux H\u00e9breux pendant la travers\u00e9e du d\u00e9sert.<\/strong><\/p>\n\n\n\n<p class=\"wp-block-paragraph\"><strong>Voil\u00e0 une cl\u00e9 bienvenue pour approcher (juste un peu) le myst\u00e8re de cette assertion de J\u00e9sus. Derri\u00e8re la manne, accompagn\u00e9e de quelques cailles, il y a Dieu qui donne et qui se donne. Seulement six jours, car le septi\u00e8me, Il ne donne pas de manne, mais, par cette absence, Il propose d\u2019approfondir la relation de confiance, la foi. Le myst\u00e8re de J\u00e9sus pain de vie ne peut qu\u2019\u00eatre effleur\u00e9, mais une chose est s\u00fbre : pendant notre travers\u00e9e du d\u00e9sert, Il nous soutient, et nous nourrit, et nous fortifie, et nous gu\u00e9rit\u2026 A Lui seul la Gloire !<\/strong><\/p>\n","protected":false},"excerpt":{"rendered":"<p>\u00ab Je suis le pain vivant qui descend du ciel. \u00bb Jean 6, 51 &gt; La personne qui tient ces propos n\u2019est autre que J\u00e9sus. A la premi\u00e8re lecture, il semble bien que ces propos ne soient pas coh\u00e9rents. Du pain vivant ? Apr\u00e8s une heure de cuisson au four mont\u00e9 \u00e0 220 \u00b0C, chacun sait bien que tout \u00eatre vivant ne survit pas \u00e0 un tel traitement. Du pain qui descend du ciel ? Soyons s\u00e9rieux ! Ce qui descend du ciel, c\u2019est de l\u2019eau sous plusieurs formes : pluie, neige, gr\u00ealons, gr\u00e9sil\u2026, des d\u00e9charges \u00e9lectriques et, depuis le 12 avril 1961, de temps \u00e0 autre, un hurluberlu qui \u2026 <a class=\"continue-reading-link\" href=\"https:\/\/levangilealecran.com\/?p=2069\"> Continue reading <span class=\"meta-nav\">&rarr; <\/span><\/a><\/p>\n","protected":false},"author":2006,"featured_media":0,"comment_status":"open","ping_status":"open","sticky":false,"template":"","format":"standard","meta":{"footnotes":""},"categories":[4,5],"tags":[776,583,777,325,91],"class_list":["post-2069","post","type-post","status-publish","format-standard","hentry","category-dimanche","category-jean","tag-ecritures","tag-gloire","tag-manne","tag-mystere","tag-pain"],"_links":{"self":[{"href":"https:\/\/levangilealecran.com\/index.php?rest_route=\/wp\/v2\/posts\/2069","targetHints":{"allow":["GET"]}}],"collection":[{"href":"https:\/\/levangilealecran.com\/index.php?rest_route=\/wp\/v2\/posts"}],"about":[{"href":"https:\/\/levangilealecran.com\/index.php?rest_route=\/wp\/v2\/types\/post"}],"author":[{"embeddable":true,"href":"https:\/\/levangilealecran.com\/index.php?rest_route=\/wp\/v2\/users\/2006"}],"replies":[{"embeddable":true,"href":"https:\/\/levangilealecran.com\/index.php?rest_route=%2Fwp%2Fv2%2Fcomments&post=2069"}],"version-history":[{"count":2,"href":"https:\/\/levangilealecran.com\/index.php?rest_route=\/wp\/v2\/posts\/2069\/revisions"}],"predecessor-version":[{"id":2072,"href":"https:\/\/levangilealecran.com\/index.php?rest_route=\/wp\/v2\/posts\/2069\/revisions\/2072"}],"wp:attachment":[{"href":"https:\/\/levangilealecran.com\/index.php?rest_route=%2Fwp%2Fv2%2Fmedia&parent=2069"}],"wp:term":[{"taxonomy":"category","embeddable":true,"href":"https:\/\/levangilealecran.com\/index.php?rest_route=%2Fwp%2Fv2%2Fcategories&post=2069"},{"taxonomy":"post_tag","embeddable":true,"href":"https:\/\/levangilealecran.com\/index.php?rest_route=%2Fwp%2Fv2%2Ftags&post=2069"}],"curies":[{"name":"wp","href":"https:\/\/api.w.org\/{rel}","templated":true}]}}