{"id":2065,"date":"2020-06-09T08:00:00","date_gmt":"2020-06-09T06:00:00","guid":{"rendered":"https:\/\/levangilealecran.com\/?p=2065"},"modified":"2020-06-08T16:21:11","modified_gmt":"2020-06-08T14:21:11","slug":"mardi-9-mai-2020","status":"publish","type":"post","link":"https:\/\/levangilealecran.com\/?p=2065","title":{"rendered":"Mardi 9 juin 2020"},"content":{"rendered":"\n<blockquote class=\"wp-block-quote is-layout-flow wp-block-quote-is-layout-flow\"><p>\u00ab\u00a0Vous \u00eates le sel de la terre.\u00a0\u00bb <br>\u00ab\u00a0Vous \u00eates la lumi\u00e8re du monde.\u00a0\u00bb <\/p><cite>Mat 5,13.14<\/cite><\/blockquote>\n\n\n\n<figure class=\"wp-block-image size-large\"><img loading=\"lazy\" decoding=\"async\" width=\"1024\" height=\"786\" src=\"https:\/\/levangilealecran.com\/wp-content\/uploads\/2020\/06\/82c268aeaca9c788bcfb4a03ea5cd76d-1024x786.png\" alt=\"\" class=\"wp-image-2066\" srcset=\"https:\/\/levangilealecran.com\/wp-content\/uploads\/2020\/06\/82c268aeaca9c788bcfb4a03ea5cd76d-1024x786.png 1024w, https:\/\/levangilealecran.com\/wp-content\/uploads\/2020\/06\/82c268aeaca9c788bcfb4a03ea5cd76d-300x230.png 300w, https:\/\/levangilealecran.com\/wp-content\/uploads\/2020\/06\/82c268aeaca9c788bcfb4a03ea5cd76d-768x590.png 768w, https:\/\/levangilealecran.com\/wp-content\/uploads\/2020\/06\/82c268aeaca9c788bcfb4a03ea5cd76d-600x461.png 600w, https:\/\/levangilealecran.com\/wp-content\/uploads\/2020\/06\/82c268aeaca9c788bcfb4a03ea5cd76d-150x115.png 150w, https:\/\/levangilealecran.com\/wp-content\/uploads\/2020\/06\/82c268aeaca9c788bcfb4a03ea5cd76d-195x150.png 195w, https:\/\/levangilealecran.com\/wp-content\/uploads\/2020\/06\/82c268aeaca9c788bcfb4a03ea5cd76d.png 1102w\" sizes=\"auto, (max-width: 1024px) 100vw, 1024px\" \/><\/figure>\n\n\n\n<p class=\"wp-block-paragraph\"><strong>&gt; Ces paroles de J\u00e9sus ne risquent-elles pas de gonfler l\u2019ego des disciples que nous sommes&nbsp;? Et si c\u2019\u00e9tait tout le contraire&nbsp;! Le sel n\u2019a pas vocation \u00e0 attirer l\u2019attention sur lui-m\u00eame ni la lumi\u00e8re. On n\u2019allume pas une lampe pour la mettre sous le boisseau, mais pas non plus pour la fixer des yeux. Et si le sel se fait sentir dans un plat c\u2019est que le cuisinier a eu la main trop lourde. Sel et lumi\u00e8re sont l\u00e0 pour mettre en valeur autre chose qu\u2019eux-m\u00eames. Des aliments sans sel ne stimulent pas l\u2019app\u00e9tit et dans une maison sans lumi\u00e8re impossible de voir le visage de ceux qu\u2019on aime.<\/strong><\/p>\n\n\n\n<p class=\"wp-block-paragraph\"><strong>Etre sel de la terre et lumi\u00e8re du monde, un appel non \u00e0 se mettre au centre mais \u00e0 servir. Ces fr\u00e8res et s\u0153urs que je croise et qui n\u2019ont plus go\u00fbt \u00e0 la vie, comment puis-je \u00eatre pour eux le sel qui r\u00e9veille l\u2019app\u00e9tit de vivre&nbsp;? Fraternellement, discr\u00e8tement, humblement, \u00e0 dose infinit\u00e9simale. Et ceux qui affrontent la maladie, le ch\u00f4mage, une s\u00e9paration, un deuil,\u2026 et qui ont le sentiment de traverser un long tunnel, puis-je trouver les paroles fraternelles qui mettront un peu de lumi\u00e8re et de douceur sur leur parcours&nbsp;?<\/strong><\/p>\n","protected":false},"excerpt":{"rendered":"<p>\u00ab\u00a0Vous \u00eates le sel de la terre.\u00a0\u00bb \u00ab\u00a0Vous \u00eates la lumi\u00e8re du monde.\u00a0\u00bb Mat 5,13.14 &gt; Ces paroles de J\u00e9sus ne risquent-elles pas de gonfler l\u2019ego des disciples que nous sommes&nbsp;? Et si c\u2019\u00e9tait tout le contraire&nbsp;! Le sel n\u2019a pas vocation \u00e0 attirer l\u2019attention sur lui-m\u00eame ni la lumi\u00e8re. On n\u2019allume pas une lampe pour la mettre sous le boisseau, mais pas non plus pour la fixer des yeux. Et si le sel se fait sentir dans un plat c\u2019est que le cuisinier a eu la main trop lourde. Sel et lumi\u00e8re sont l\u00e0 pour mettre en valeur autre chose qu\u2019eux-m\u00eames. Des aliments sans sel ne stimulent pas l\u2019app\u00e9tit \u2026 <a class=\"continue-reading-link\" href=\"https:\/\/levangilealecran.com\/?p=2065\"> Continue reading <span class=\"meta-nav\">&rarr; <\/span><\/a><\/p>\n","protected":false},"author":2006,"featured_media":0,"comment_status":"open","ping_status":"open","sticky":false,"template":"","format":"standard","meta":{"footnotes":""},"categories":[8],"tags":[93,775,237,569],"class_list":["post-2065","post","type-post","status-publish","format-standard","hentry","category-matthieu","tag-deuil","tag-douceur","tag-lumiere","tag-sel"],"_links":{"self":[{"href":"https:\/\/levangilealecran.com\/index.php?rest_route=\/wp\/v2\/posts\/2065","targetHints":{"allow":["GET"]}}],"collection":[{"href":"https:\/\/levangilealecran.com\/index.php?rest_route=\/wp\/v2\/posts"}],"about":[{"href":"https:\/\/levangilealecran.com\/index.php?rest_route=\/wp\/v2\/types\/post"}],"author":[{"embeddable":true,"href":"https:\/\/levangilealecran.com\/index.php?rest_route=\/wp\/v2\/users\/2006"}],"replies":[{"embeddable":true,"href":"https:\/\/levangilealecran.com\/index.php?rest_route=%2Fwp%2Fv2%2Fcomments&post=2065"}],"version-history":[{"count":2,"href":"https:\/\/levangilealecran.com\/index.php?rest_route=\/wp\/v2\/posts\/2065\/revisions"}],"predecessor-version":[{"id":2068,"href":"https:\/\/levangilealecran.com\/index.php?rest_route=\/wp\/v2\/posts\/2065\/revisions\/2068"}],"wp:attachment":[{"href":"https:\/\/levangilealecran.com\/index.php?rest_route=%2Fwp%2Fv2%2Fmedia&parent=2065"}],"wp:term":[{"taxonomy":"category","embeddable":true,"href":"https:\/\/levangilealecran.com\/index.php?rest_route=%2Fwp%2Fv2%2Fcategories&post=2065"},{"taxonomy":"post_tag","embeddable":true,"href":"https:\/\/levangilealecran.com\/index.php?rest_route=%2Fwp%2Fv2%2Ftags&post=2065"}],"curies":[{"name":"wp","href":"https:\/\/api.w.org\/{rel}","templated":true}]}}