{"id":2058,"date":"2020-06-02T09:39:17","date_gmt":"2020-06-02T07:39:17","guid":{"rendered":"https:\/\/levangilealecran.com\/?p=2058"},"modified":"2020-06-02T09:39:17","modified_gmt":"2020-06-02T07:39:17","slug":"mardi-2-juin-2020","status":"publish","type":"post","link":"https:\/\/levangilealecran.com\/?p=2058","title":{"rendered":"Mardi 2 juin 2020"},"content":{"rendered":"\n<blockquote class=\"wp-block-quote is-layout-flow wp-block-quote-is-layout-flow\"><p>\u00ab J\u00e9sus leur dit : \u2018Ce qui est \u00e0 C\u00e9sar, rendez-le \u00e0 C\u00e9sar, et \u00e0 Dieu ce qui est \u00e0 Dieu.\u2019 \u00bb <\/p><cite>Mc 12,17<\/cite><\/blockquote>\n\n\n\n<figure class=\"wp-block-image size-large\"><img loading=\"lazy\" decoding=\"async\" width=\"1024\" height=\"712\" src=\"https:\/\/levangilealecran.com\/wp-content\/uploads\/2020\/06\/EALE-Mc-12-17-1024x712.png\" alt=\"\" class=\"wp-image-2059\" srcset=\"https:\/\/levangilealecran.com\/wp-content\/uploads\/2020\/06\/EALE-Mc-12-17-1024x712.png 1024w, https:\/\/levangilealecran.com\/wp-content\/uploads\/2020\/06\/EALE-Mc-12-17-300x208.png 300w, https:\/\/levangilealecran.com\/wp-content\/uploads\/2020\/06\/EALE-Mc-12-17-768x534.png 768w, https:\/\/levangilealecran.com\/wp-content\/uploads\/2020\/06\/EALE-Mc-12-17-600x417.png 600w, https:\/\/levangilealecran.com\/wp-content\/uploads\/2020\/06\/EALE-Mc-12-17-1536x1067.png 1536w, https:\/\/levangilealecran.com\/wp-content\/uploads\/2020\/06\/EALE-Mc-12-17-150x104.png 150w, https:\/\/levangilealecran.com\/wp-content\/uploads\/2020\/06\/EALE-Mc-12-17-216x150.png 216w, https:\/\/levangilealecran.com\/wp-content\/uploads\/2020\/06\/EALE-Mc-12-17.png 1550w\" sizes=\"auto, (max-width: 1024px) 100vw, 1024px\" \/><\/figure>\n\n\n\n<p class=\"wp-block-paragraph\"><strong>> En ce d\u00e9confinement, essayons de laisser de c\u00f4t\u00e9 les pr\u00e9occupations mat\u00e9rielles, autant que nous le permet notre condition bien entendu. Laissons \u00e0 C\u00e9sar ce qui lui appartient, donc.<\/strong><\/p>\n\n\n\n<p class=\"wp-block-paragraph\"><strong>> Sortons de ce temps de pand\u00e9mie avec un petit suppl\u00e9ment d\u2019\u00e2me plut\u00f4t qu\u2019un suppl\u00e9ment sur notre compte bancaire. Retrouvons le go\u00fbt des choses de l\u2019esprit, laissons du temps pour la pri\u00e8re au milieu de nos nouvelles journ\u00e9es, \u00e9merveillons-nous d\u2019une fleur, d\u2019un papillon, du visage de nos prochains. Pas celui qui est grav\u00e9 sur nos pi\u00e8ces de monnaie, celui que nous rencontrons vraiment.<\/strong><\/p>\n\n\n\n<p class=\"wp-block-paragraph\"><strong>> Que l\u2019Esprit de la Pentec\u00f4te continue de souffler sur notre d\u00e9confinement !<\/strong><\/p>\n","protected":false},"excerpt":{"rendered":"<p>\u00ab J\u00e9sus leur dit : \u2018Ce qui est \u00e0 C\u00e9sar, rendez-le \u00e0 C\u00e9sar, et \u00e0 Dieu ce qui est \u00e0 Dieu.\u2019 \u00bb Mc 12,17 > En ce d\u00e9confinement, essayons de laisser de c\u00f4t\u00e9 les pr\u00e9occupations mat\u00e9rielles, autant que nous le permet notre condition bien entendu. Laissons \u00e0 C\u00e9sar ce qui lui appartient, donc. > Sortons de ce temps de pand\u00e9mie avec un petit suppl\u00e9ment d\u2019\u00e2me plut\u00f4t qu\u2019un suppl\u00e9ment sur notre compte bancaire. Retrouvons le go\u00fbt des choses de l\u2019esprit, laissons du temps pour la pri\u00e8re au milieu de nos nouvelles journ\u00e9es, \u00e9merveillons-nous d\u2019une fleur, d\u2019un papillon, du visage de nos prochains. Pas celui qui est grav\u00e9 sur nos pi\u00e8ces de \u2026 <a class=\"continue-reading-link\" href=\"https:\/\/levangilealecran.com\/?p=2058\"> Continue reading <span class=\"meta-nav\">&rarr; <\/span><\/a><\/p>\n","protected":false},"author":2006,"featured_media":0,"comment_status":"open","ping_status":"open","sticky":false,"template":"","format":"standard","meta":{"footnotes":""},"categories":[724,24,7],"tags":[220,87,108,770],"class_list":["post-2058","post","type-post","status-publish","format-standard","hentry","category-coronavirus","category-fetes","category-marc","tag-esprit","tag-pentecote","tag-semerveiller","tag-souffler"],"_links":{"self":[{"href":"https:\/\/levangilealecran.com\/index.php?rest_route=\/wp\/v2\/posts\/2058","targetHints":{"allow":["GET"]}}],"collection":[{"href":"https:\/\/levangilealecran.com\/index.php?rest_route=\/wp\/v2\/posts"}],"about":[{"href":"https:\/\/levangilealecran.com\/index.php?rest_route=\/wp\/v2\/types\/post"}],"author":[{"embeddable":true,"href":"https:\/\/levangilealecran.com\/index.php?rest_route=\/wp\/v2\/users\/2006"}],"replies":[{"embeddable":true,"href":"https:\/\/levangilealecran.com\/index.php?rest_route=%2Fwp%2Fv2%2Fcomments&post=2058"}],"version-history":[{"count":1,"href":"https:\/\/levangilealecran.com\/index.php?rest_route=\/wp\/v2\/posts\/2058\/revisions"}],"predecessor-version":[{"id":2060,"href":"https:\/\/levangilealecran.com\/index.php?rest_route=\/wp\/v2\/posts\/2058\/revisions\/2060"}],"wp:attachment":[{"href":"https:\/\/levangilealecran.com\/index.php?rest_route=%2Fwp%2Fv2%2Fmedia&parent=2058"}],"wp:term":[{"taxonomy":"category","embeddable":true,"href":"https:\/\/levangilealecran.com\/index.php?rest_route=%2Fwp%2Fv2%2Fcategories&post=2058"},{"taxonomy":"post_tag","embeddable":true,"href":"https:\/\/levangilealecran.com\/index.php?rest_route=%2Fwp%2Fv2%2Ftags&post=2058"}],"curies":[{"name":"wp","href":"https:\/\/api.w.org\/{rel}","templated":true}]}}