{"id":2055,"date":"2020-05-29T08:10:19","date_gmt":"2020-05-29T06:10:19","guid":{"rendered":"https:\/\/levangilealecran.com\/?p=2055"},"modified":"2020-05-29T08:10:19","modified_gmt":"2020-05-29T06:10:19","slug":"dimanche-de-pentecote-31-mai-2020","status":"publish","type":"post","link":"https:\/\/levangilealecran.com\/?p=2055","title":{"rendered":"Dimanche de Pentec\u00f4te 31 mai 2020"},"content":{"rendered":"\n<blockquote class=\"wp-block-quote is-layout-flow wp-block-quote-is-layout-flow\"><p>\u00ab\u00a0Alors que toutes les portes de la maison \u00e9taient verrouill\u00e9es, J\u00e9sus vint et se tint au milieu d&rsquo;eux\u00a0\u00bb<\/p><cite>(Jn 20,19)<\/cite><\/blockquote>\n\n\n\n<figure class=\"wp-block-image size-large\"><img loading=\"lazy\" decoding=\"async\" width=\"960\" height=\"608\" src=\"https:\/\/levangilealecran.com\/wp-content\/uploads\/2020\/05\/ImageEvEcr2020_05_29.jpg\" alt=\"\" class=\"wp-image-2056\" srcset=\"https:\/\/levangilealecran.com\/wp-content\/uploads\/2020\/05\/ImageEvEcr2020_05_29.jpg 960w, https:\/\/levangilealecran.com\/wp-content\/uploads\/2020\/05\/ImageEvEcr2020_05_29-300x190.jpg 300w, https:\/\/levangilealecran.com\/wp-content\/uploads\/2020\/05\/ImageEvEcr2020_05_29-768x486.jpg 768w, https:\/\/levangilealecran.com\/wp-content\/uploads\/2020\/05\/ImageEvEcr2020_05_29-600x380.jpg 600w, https:\/\/levangilealecran.com\/wp-content\/uploads\/2020\/05\/ImageEvEcr2020_05_29-150x95.jpg 150w, https:\/\/levangilealecran.com\/wp-content\/uploads\/2020\/05\/ImageEvEcr2020_05_29-237x150.jpg 237w\" sizes=\"auto, (max-width: 960px) 100vw, 960px\" \/><\/figure>\n\n\n\n<p class=\"wp-block-paragraph\"><strong>> Dieu est urgent, la vie n&rsquo;attend pas&#8230; C\u2019est l\u2019irruption&#8230; alors que \u00ab toutes les portes \u00e9taient verrouill\u00e9es \u00bb&#8230; !<\/strong><\/p>\n\n\n\n<p class=\"wp-block-paragraph\"><strong>Comment est-ce possible ? Ne cherchons pas d\u2019explication rationnelle.\u00a0<br>Il n\u2019y en a pas. Le Christ est pr\u00e9sent et salue. Il salue d\u2019une de ces salutations qui nous sont habituelles et qui rythment nos c\u00e9l\u00e9brations : \u00ab La Paix soit avec vous&#8230; \u00bb. Peut-\u00eatre ne mesurons-nous pas toujours l\u2019effet apaisant qu\u2019une telle parole peut produire sur nous. Disons-la avec conviction, en particulier dans des situations difficiles.\u00a0<\/strong><\/p>\n\n\n\n<p class=\"wp-block-paragraph\"><strong>Dire la Paix n\u2019est pas anodin. Elle peut briser l\u2019enfermement de nos vies dans les ghettos de la peur, comme en ce premier dimanche o\u00f9 Il leur annonce cette paix par deux fois, car Il a parfaitement compris que c&rsquo;est de cela qu&rsquo;ils ont le plus besoin pour surmonter leur crainte&#8230;<\/strong><\/p>\n\n\n\n<p class=\"wp-block-paragraph\"><strong>Au lieu de ces enfermements, voil\u00e0 que la pr\u00e9sence du Christ cr\u00e9e des br\u00e8ches&#8230; En leur apparaissant et en leur annon\u00e7ant la paix, J\u00e9sus cr\u00e9e une br\u00e8che dans la peur qui enfermait les disciples et par cette br\u00e8che, le monde peut recommencer dans ce souffle qu&rsquo;Il fait passer sur eux.\u00a0<\/strong><\/p>\n\n\n\n<p class=\"wp-block-paragraph\"><strong>Pour toi aussi, que cette Pentec\u00f4te si particuli\u00e8re puisse cr\u00e9er des br\u00e8ches de sens et de gu\u00e9rison!!! Et que son Souffle nous porte plus loin!<br>Amen<\/strong><\/p>\n","protected":false},"excerpt":{"rendered":"<p>\u00ab\u00a0Alors que toutes les portes de la maison \u00e9taient verrouill\u00e9es, J\u00e9sus vint et se tint au milieu d&rsquo;eux\u00a0\u00bb (Jn 20,19) > Dieu est urgent, la vie n&rsquo;attend pas&#8230; C\u2019est l\u2019irruption&#8230; alors que \u00ab toutes les portes \u00e9taient verrouill\u00e9es \u00bb&#8230; ! Comment est-ce possible ? Ne cherchons pas d\u2019explication rationnelle.\u00a0Il n\u2019y en a pas. Le Christ est pr\u00e9sent et salue. Il salue d\u2019une de ces salutations qui nous sont habituelles et qui rythment nos c\u00e9l\u00e9brations : \u00ab La Paix soit avec vous&#8230; \u00bb. Peut-\u00eatre ne mesurons-nous pas toujours l\u2019effet apaisant qu\u2019une telle parole peut produire sur nous. Disons-la avec conviction, en particulier dans des situations difficiles.\u00a0 Dire la Paix n\u2019est pas \u2026 <a class=\"continue-reading-link\" href=\"https:\/\/levangilealecran.com\/?p=2055\"> Continue reading <span class=\"meta-nav\">&rarr; <\/span><\/a><\/p>\n","protected":false},"author":2006,"featured_media":0,"comment_status":"open","ping_status":"open","sticky":false,"template":"","format":"standard","meta":{"footnotes":""},"categories":[4,24,5],"tags":[769,153,19],"class_list":["post-2055","post","type-post","status-publish","format-standard","hentry","category-dimanche","category-fetes","category-jean","tag-breches","tag-guerison","tag-paix"],"_links":{"self":[{"href":"https:\/\/levangilealecran.com\/index.php?rest_route=\/wp\/v2\/posts\/2055","targetHints":{"allow":["GET"]}}],"collection":[{"href":"https:\/\/levangilealecran.com\/index.php?rest_route=\/wp\/v2\/posts"}],"about":[{"href":"https:\/\/levangilealecran.com\/index.php?rest_route=\/wp\/v2\/types\/post"}],"author":[{"embeddable":true,"href":"https:\/\/levangilealecran.com\/index.php?rest_route=\/wp\/v2\/users\/2006"}],"replies":[{"embeddable":true,"href":"https:\/\/levangilealecran.com\/index.php?rest_route=%2Fwp%2Fv2%2Fcomments&post=2055"}],"version-history":[{"count":1,"href":"https:\/\/levangilealecran.com\/index.php?rest_route=\/wp\/v2\/posts\/2055\/revisions"}],"predecessor-version":[{"id":2057,"href":"https:\/\/levangilealecran.com\/index.php?rest_route=\/wp\/v2\/posts\/2055\/revisions\/2057"}],"wp:attachment":[{"href":"https:\/\/levangilealecran.com\/index.php?rest_route=%2Fwp%2Fv2%2Fmedia&parent=2055"}],"wp:term":[{"taxonomy":"category","embeddable":true,"href":"https:\/\/levangilealecran.com\/index.php?rest_route=%2Fwp%2Fv2%2Fcategories&post=2055"},{"taxonomy":"post_tag","embeddable":true,"href":"https:\/\/levangilealecran.com\/index.php?rest_route=%2Fwp%2Fv2%2Ftags&post=2055"}],"curies":[{"name":"wp","href":"https:\/\/api.w.org\/{rel}","templated":true}]}}