{"id":2048,"date":"2020-05-24T08:00:00","date_gmt":"2020-05-24T06:00:00","guid":{"rendered":"https:\/\/levangilealecran.com\/?p=2048"},"modified":"2020-05-23T18:24:00","modified_gmt":"2020-05-23T16:24:00","slug":"7e-dimanche-de-paques-24-mai-2020","status":"publish","type":"post","link":"https:\/\/levangilealecran.com\/?p=2048","title":{"rendered":"7e dimanche de P\u00e2ques \u2013 24 mai 2020"},"content":{"rendered":"\n<blockquote class=\"wp-block-quote is-layout-flow wp-block-quote-is-layout-flow\"><p>\u00ab P\u00e8re, l\u2019heure est venue. Glorifie ton Fils \u00bb<\/p><cite>(Jean 17,1)<\/cite><\/blockquote>\n\n\n\n<figure class=\"wp-block-image size-full is-resized\"><img loading=\"lazy\" decoding=\"async\" src=\"https:\/\/levangilealecran.com\/wp-content\/uploads\/2020\/05\/20200523_Jn171.png\" alt=\"\" class=\"wp-image-2049\" width=\"600\" height=\"600\" srcset=\"https:\/\/levangilealecran.com\/wp-content\/uploads\/2020\/05\/20200523_Jn171.png 1200w, https:\/\/levangilealecran.com\/wp-content\/uploads\/2020\/05\/20200523_Jn171-300x300.png 300w, https:\/\/levangilealecran.com\/wp-content\/uploads\/2020\/05\/20200523_Jn171-1024x1024.png 1024w, https:\/\/levangilealecran.com\/wp-content\/uploads\/2020\/05\/20200523_Jn171-150x150.png 150w, https:\/\/levangilealecran.com\/wp-content\/uploads\/2020\/05\/20200523_Jn171-768x768.png 768w, https:\/\/levangilealecran.com\/wp-content\/uploads\/2020\/05\/20200523_Jn171-600x600.png 600w\" sizes=\"auto, (max-width: 600px) 100vw, 600px\" \/><\/figure>\n\n\n\n<p class=\"wp-block-paragraph\"><strong>> Au d\u00e9but de l&rsquo;Evangile de Jean, au chapitre 2, lors du miracle des noces de Cana, J\u00e9sus dit \u00e0 sa m\u00e8re que \u00ab\u00a0son heure n&rsquo;\u00e9tait pas encore venue\u00a0\u00bb. 15 chapitres plus loin et quelques miracles plus tard, \u00e7a y est, d\u00e9sormais Il le pr\u00e9cise \u00e0 ses disciples : \u00ab\u00a0son heure est venue\u00a0\u00bb. Que s&rsquo;est-il pass\u00e9 entre deux ? Il a accompli sa mission : faire conna\u00eetre le P\u00e8re ET celui qui l&rsquo;a envoy\u00e9 (v3). En acceptant de passer de la mort \u00e0 la vie sur terre, le Christ sera glorifi\u00e9 dans le ciel comme lui glorifiait son P\u00e8re sur terre.<\/strong><\/p>\n\n\n\n<p class=\"wp-block-paragraph\"><strong>> Cette semaine, entre l&rsquo;ascension et la pentec\u00f4te, prenons le temps de reconna\u00eetre la pr\u00e9sence de Dieu par son Fils incarn\u00e9. Dieu n&rsquo;est pas juste une \u00e9nergie, une sorte d&rsquo;\u00eatre sup\u00e9rieur, l&rsquo;Amour universel. Il est trinit\u00e9. Il est pr\u00e9sent et s&rsquo;est offert \u00e0 nous par son Fils pour que nous puissions entrer en relation avec Le P\u00e8re qui nous a cr\u00e9\u00e9. Demandons \u00e0 l&rsquo;Esprit de conna\u00eetre profond\u00e9ment le P\u00e8re, seul vrai Dieu (v3) en suivant le Fils.<\/strong><\/p>\n","protected":false},"excerpt":{"rendered":"<p>\u00ab P\u00e8re, l\u2019heure est venue. Glorifie ton Fils \u00bb (Jean 17,1) > Au d\u00e9but de l&rsquo;Evangile de Jean, au chapitre 2, lors du miracle des noces de Cana, J\u00e9sus dit \u00e0 sa m\u00e8re que \u00ab\u00a0son heure n&rsquo;\u00e9tait pas encore venue\u00a0\u00bb. 15 chapitres plus loin et quelques miracles plus tard, \u00e7a y est, d\u00e9sormais Il le pr\u00e9cise \u00e0 ses disciples : \u00ab\u00a0son heure est venue\u00a0\u00bb. Que s&rsquo;est-il pass\u00e9 entre deux ? Il a accompli sa mission : faire conna\u00eetre le P\u00e8re ET celui qui l&rsquo;a envoy\u00e9 (v3). En acceptant de passer de la mort \u00e0 la vie sur terre, le Christ sera glorifi\u00e9 dans le ciel comme lui glorifiait son P\u00e8re \u2026 <a class=\"continue-reading-link\" href=\"https:\/\/levangilealecran.com\/?p=2048\"> Continue reading <span class=\"meta-nav\">&rarr; <\/span><\/a><\/p>\n","protected":false},"author":2005,"featured_media":0,"comment_status":"open","ping_status":"open","sticky":false,"template":"","format":"standard","meta":{"footnotes":""},"categories":[4,5,73],"tags":[337,88,115],"class_list":["post-2048","post","type-post","status-publish","format-standard","hentry","category-dimanche","category-jean","category-paques","tag-croire","tag-trinite","tag-vivre"],"_links":{"self":[{"href":"https:\/\/levangilealecran.com\/index.php?rest_route=\/wp\/v2\/posts\/2048","targetHints":{"allow":["GET"]}}],"collection":[{"href":"https:\/\/levangilealecran.com\/index.php?rest_route=\/wp\/v2\/posts"}],"about":[{"href":"https:\/\/levangilealecran.com\/index.php?rest_route=\/wp\/v2\/types\/post"}],"author":[{"embeddable":true,"href":"https:\/\/levangilealecran.com\/index.php?rest_route=\/wp\/v2\/users\/2005"}],"replies":[{"embeddable":true,"href":"https:\/\/levangilealecran.com\/index.php?rest_route=%2Fwp%2Fv2%2Fcomments&post=2048"}],"version-history":[{"count":1,"href":"https:\/\/levangilealecran.com\/index.php?rest_route=\/wp\/v2\/posts\/2048\/revisions"}],"predecessor-version":[{"id":2050,"href":"https:\/\/levangilealecran.com\/index.php?rest_route=\/wp\/v2\/posts\/2048\/revisions\/2050"}],"wp:attachment":[{"href":"https:\/\/levangilealecran.com\/index.php?rest_route=%2Fwp%2Fv2%2Fmedia&parent=2048"}],"wp:term":[{"taxonomy":"category","embeddable":true,"href":"https:\/\/levangilealecran.com\/index.php?rest_route=%2Fwp%2Fv2%2Fcategories&post=2048"},{"taxonomy":"post_tag","embeddable":true,"href":"https:\/\/levangilealecran.com\/index.php?rest_route=%2Fwp%2Fv2%2Ftags&post=2048"}],"curies":[{"name":"wp","href":"https:\/\/api.w.org\/{rel}","templated":true}]}}