{"id":2044,"date":"2020-05-21T08:00:00","date_gmt":"2020-05-21T06:00:00","guid":{"rendered":"https:\/\/levangilealecran.com\/?p=2044"},"modified":"2020-05-20T16:12:35","modified_gmt":"2020-05-20T14:12:35","slug":"jeudi-de-lascension-du-seigneur","status":"publish","type":"post","link":"https:\/\/levangilealecran.com\/?p=2044","title":{"rendered":"Jeudi de l&rsquo;Ascension du Seigneur"},"content":{"rendered":"\n<blockquote class=\"wp-block-quote is-layout-flow wp-block-quote-is-layout-flow\"><p>\u00ab Les onze disciples s\u2019en all\u00e8rent en Galil\u00e9e, \u00e0 la montagne o\u00f9 J\u00e9sus leur avait ordonn\u00e9 de se rendre. \u00bb<\/p><cite>Mt 28,16<\/cite><\/blockquote>\n\n\n\n<figure class=\"wp-block-image size-large\"><img loading=\"lazy\" decoding=\"async\" width=\"624\" height=\"416\" src=\"https:\/\/levangilealecran.com\/wp-content\/uploads\/2020\/05\/source.png\" alt=\"\" class=\"wp-image-2045\" srcset=\"https:\/\/levangilealecran.com\/wp-content\/uploads\/2020\/05\/source.png 624w, https:\/\/levangilealecran.com\/wp-content\/uploads\/2020\/05\/source-300x200.png 300w, https:\/\/levangilealecran.com\/wp-content\/uploads\/2020\/05\/source-600x400.png 600w, https:\/\/levangilealecran.com\/wp-content\/uploads\/2020\/05\/source-150x100.png 150w, https:\/\/levangilealecran.com\/wp-content\/uploads\/2020\/05\/source-225x150.png 225w\" sizes=\"auto, (max-width: 624px) 100vw, 624px\" \/><\/figure>\n\n\n\n<p class=\"wp-block-paragraph\"><strong>> Les Onze quittent J\u00e9rusalem, lieu marqu\u00e9 par les \u00e9v\u00e8nements tragiques qui les ont boulevers\u00e9s. Ev\u00e8nements dont leur groupe porte \u00e0 jamais la blessure \u2013 ils sont les Onze et non plus les Douze. L\u2019\u00e9lection de Matthias n\u2019effacera pas cette trace. Il faut prendre de la distance. Trois jours de marche pour revenir en Galil\u00e9e. Surtout pas pour tourner la page et passer \u00e0 autre chose mais pour assimiler le v\u00e9cu de ces journ\u00e9es dramatiques et l\u2019annonce si d\u00e9routante du premier jour de la semaine : il est vivant !<\/strong><\/p>\n\n\n\n<p class=\"wp-block-paragraph\"><strong>> Retourner en Galil\u00e9e c\u2019est retrouver le lieu du premier appel. Le lieu o\u00f9 le regard de J\u00e9sus s\u2019est pos\u00e9 sur Simon et Andr\u00e9 (Mt 4, 18), sur Jacques et Jean (4, 21), sur Matthieu (9, 9), o\u00f9, pour la premi\u00e8re fois, sa voix a retenti non seulement \u00e0 l\u2019oreille mais dans les c\u0153urs. La Galil\u00e9e c\u2019est aussi le lieu du premier envoi des Douze (Mt 10, 1ss). Non plus seulement des disciples qui vivent dans la proximit\u00e9 du Ma\u00eetre, mais des ap\u00f4tres, des envoy\u00e9s associ\u00e9s \u00e0 sa mission. Revenir en Galil\u00e9e non pour cultiver la nostalgie des commencements mais pour \u00eatre envoy\u00e9s plus loin, \u00e0 toutes les nations et non plus seulement \u00ab aux brebis perdues de la maison d\u2019Isra\u00ebl \u00bb (Mt 10, 6). Revenir \u00e0 la source pour recevoir l\u2019impulsion qui portera plus loin, plus large.<\/strong><\/p>\n\n\n\n<p class=\"wp-block-paragraph\"><strong>> Cette ann\u00e9e la f\u00eate de l\u2019Ascension, qui nous fait m\u00e9diter cet envoi aux nations, co\u00efncide avec la p\u00e9riode de d\u00e9confinement, de sortie, d\u2019ouverture. Et si c\u2019\u00e9tait l\u2019occasion d\u2019entendre \u00e0 neuf cet \u00ab Allez ! \u00bb que J\u00e9sus nous adresse. Et si, pour ne pas nous pr\u00e9cipiter dans l\u2019action \u00e0 nouveau possible, nous nous reconnections \u00e0 notre Galil\u00e9e int\u00e9rieure : le premier appel, une rencontre d\u00e9cisive, un \u00e9v\u00e9nement source,\u2026 pour y puiser l\u2019\u00e9lan qui fait de nous des envoy\u00e9s du Seigneur.<\/strong><\/p>\n","protected":false},"excerpt":{"rendered":"<p>\u00ab Les onze disciples s\u2019en all\u00e8rent en Galil\u00e9e, \u00e0 la montagne o\u00f9 J\u00e9sus leur avait ordonn\u00e9 de se rendre. \u00bb Mt 28,16 > Les Onze quittent J\u00e9rusalem, lieu marqu\u00e9 par les \u00e9v\u00e8nements tragiques qui les ont boulevers\u00e9s. Ev\u00e8nements dont leur groupe porte \u00e0 jamais la blessure \u2013 ils sont les Onze et non plus les Douze. L\u2019\u00e9lection de Matthias n\u2019effacera pas cette trace. Il faut prendre de la distance. Trois jours de marche pour revenir en Galil\u00e9e. Surtout pas pour tourner la page et passer \u00e0 autre chose mais pour assimiler le v\u00e9cu de ces journ\u00e9es dramatiques et l\u2019annonce si d\u00e9routante du premier jour de la semaine : il est \u2026 <a class=\"continue-reading-link\" href=\"https:\/\/levangilealecran.com\/?p=2044\"> Continue reading <span class=\"meta-nav\">&rarr; <\/span><\/a><\/p>\n","protected":false},"author":2006,"featured_media":0,"comment_status":"open","ping_status":"open","sticky":false,"template":"","format":"standard","meta":{"footnotes":""},"categories":[24,8],"tags":[99,768,407,335],"class_list":["post-2044","post","type-post","status-publish","format-standard","hentry","category-fetes","category-matthieu","tag-appel","tag-ascension","tag-envoi","tag-source"],"_links":{"self":[{"href":"https:\/\/levangilealecran.com\/index.php?rest_route=\/wp\/v2\/posts\/2044","targetHints":{"allow":["GET"]}}],"collection":[{"href":"https:\/\/levangilealecran.com\/index.php?rest_route=\/wp\/v2\/posts"}],"about":[{"href":"https:\/\/levangilealecran.com\/index.php?rest_route=\/wp\/v2\/types\/post"}],"author":[{"embeddable":true,"href":"https:\/\/levangilealecran.com\/index.php?rest_route=\/wp\/v2\/users\/2006"}],"replies":[{"embeddable":true,"href":"https:\/\/levangilealecran.com\/index.php?rest_route=%2Fwp%2Fv2%2Fcomments&post=2044"}],"version-history":[{"count":1,"href":"https:\/\/levangilealecran.com\/index.php?rest_route=\/wp\/v2\/posts\/2044\/revisions"}],"predecessor-version":[{"id":2046,"href":"https:\/\/levangilealecran.com\/index.php?rest_route=\/wp\/v2\/posts\/2044\/revisions\/2046"}],"wp:attachment":[{"href":"https:\/\/levangilealecran.com\/index.php?rest_route=%2Fwp%2Fv2%2Fmedia&parent=2044"}],"wp:term":[{"taxonomy":"category","embeddable":true,"href":"https:\/\/levangilealecran.com\/index.php?rest_route=%2Fwp%2Fv2%2Fcategories&post=2044"},{"taxonomy":"post_tag","embeddable":true,"href":"https:\/\/levangilealecran.com\/index.php?rest_route=%2Fwp%2Fv2%2Ftags&post=2044"}],"curies":[{"name":"wp","href":"https:\/\/api.w.org\/{rel}","templated":true}]}}