{"id":2040,"date":"2020-05-15T08:00:00","date_gmt":"2020-05-15T06:00:00","guid":{"rendered":"https:\/\/levangilealecran.com\/?p=2040"},"modified":"2020-05-14T14:01:18","modified_gmt":"2020-05-14T12:01:18","slug":"6e-dimanche-de-paques-17-mai-2020","status":"publish","type":"post","link":"https:\/\/levangilealecran.com\/?p=2040","title":{"rendered":"6e dimanche de P\u00e2ques &#8211; 17 mai 2020"},"content":{"rendered":"\n<blockquote class=\"wp-block-quote is-layout-flow wp-block-quote-is-layout-flow\"><p>\u00ab\u00a0L\u2019Esprit de v\u00e9rit\u00e9, lui que le monde ne peut recevoir,<br>car il ne le voit pas et ne le conna\u00eet pas\u00a0; \u00bb <\/p><cite>Jn 14,17<\/cite><\/blockquote>\n\n\n\n<figure class=\"wp-block-image size-large\"><img loading=\"lazy\" decoding=\"async\" width=\"1024\" height=\"680\" src=\"https:\/\/levangilealecran.com\/wp-content\/uploads\/2020\/05\/EALE-Jn-14-17-1024x680.png\" alt=\"\" class=\"wp-image-2041\" srcset=\"https:\/\/levangilealecran.com\/wp-content\/uploads\/2020\/05\/EALE-Jn-14-17-1024x680.png 1024w, https:\/\/levangilealecran.com\/wp-content\/uploads\/2020\/05\/EALE-Jn-14-17-300x199.png 300w, https:\/\/levangilealecran.com\/wp-content\/uploads\/2020\/05\/EALE-Jn-14-17-768x510.png 768w, https:\/\/levangilealecran.com\/wp-content\/uploads\/2020\/05\/EALE-Jn-14-17-600x399.png 600w, https:\/\/levangilealecran.com\/wp-content\/uploads\/2020\/05\/EALE-Jn-14-17-150x100.png 150w, https:\/\/levangilealecran.com\/wp-content\/uploads\/2020\/05\/EALE-Jn-14-17-226x150.png 226w, https:\/\/levangilealecran.com\/wp-content\/uploads\/2020\/05\/EALE-Jn-14-17.png 1502w\" sizes=\"auto, (max-width: 1024px) 100vw, 1024px\" \/><\/figure>\n\n\n\n<p class=\"wp-block-paragraph\"><strong>> En ce temps de d\u00e9confinement plus ou moins progressif, de nombreuses voix s\u2019\u00e9l\u00e8vent pour que nous ne reprenions pas nos \u00ab\u00a0vies d\u2019avant\u00a0\u00bb, pour que le monde change, pour que les \u00eatres humains vivent dans un nouvel esprit, positif si possible. En v\u00e9rit\u00e9.<\/strong><\/p>\n\n\n\n<p class=\"wp-block-paragraph\"><strong>> L\u2019Esprit de v\u00e9rit\u00e9 existe. J\u00e9sus nous l\u2019a promis. Mais juste apr\u00e8s nous avoir dit qu\u2019il nous l\u2019enverrait, il nous dit que le monde ne peut pas recevoir cet Esprit. Contradiction\u00a0? Non, car J\u00e9sus nous a bien demand\u00e9 d\u2019\u00eatre\u00a0<em>dans le monde<\/em>\u00a0sans \u00eatre pour autant\u00a0<em>du monde<\/em>. Celui qui est mondain ne peut recevoir cet Esprit de v\u00e9rit\u00e9<\/strong>.<\/p>\n\n\n\n<p class=\"wp-block-paragraph\"><strong>> A nous, qui avons re\u00e7u cet Esprit, de bien nous garder du monde d\u2019avant et d\u2019insuffler sa v\u00e9rit\u00e9 au monde d\u2019apr\u00e8s\u00a0!<\/strong><\/p>\n","protected":false},"excerpt":{"rendered":"<p>\u00ab\u00a0L\u2019Esprit de v\u00e9rit\u00e9, lui que le monde ne peut recevoir,car il ne le voit pas et ne le conna\u00eet pas\u00a0; \u00bb Jn 14,17 > En ce temps de d\u00e9confinement plus ou moins progressif, de nombreuses voix s\u2019\u00e9l\u00e8vent pour que nous ne reprenions pas nos \u00ab\u00a0vies d\u2019avant\u00a0\u00bb, pour que le monde change, pour que les \u00eatres humains vivent dans un nouvel esprit, positif si possible. En v\u00e9rit\u00e9. > L\u2019Esprit de v\u00e9rit\u00e9 existe. J\u00e9sus nous l\u2019a promis. Mais juste apr\u00e8s nous avoir dit qu\u2019il nous l\u2019enverrait, il nous dit que le monde ne peut pas recevoir cet Esprit. Contradiction\u00a0? Non, car J\u00e9sus nous a bien demand\u00e9 d\u2019\u00eatre\u00a0dans le monde\u00a0sans \u00eatre pour autant\u00a0du \u2026 <a class=\"continue-reading-link\" href=\"https:\/\/levangilealecran.com\/?p=2040\"> Continue reading <span class=\"meta-nav\">&rarr; <\/span><\/a><\/p>\n","protected":false},"author":2006,"featured_media":0,"comment_status":"open","ping_status":"open","sticky":false,"template":"","format":"standard","meta":{"footnotes":""},"categories":[724,4,5,73],"tags":[220,529,12],"class_list":["post-2040","post","type-post","status-publish","format-standard","hentry","category-coronavirus","category-dimanche","category-jean","category-paques","tag-esprit","tag-monde","tag-verite"],"_links":{"self":[{"href":"https:\/\/levangilealecran.com\/index.php?rest_route=\/wp\/v2\/posts\/2040","targetHints":{"allow":["GET"]}}],"collection":[{"href":"https:\/\/levangilealecran.com\/index.php?rest_route=\/wp\/v2\/posts"}],"about":[{"href":"https:\/\/levangilealecran.com\/index.php?rest_route=\/wp\/v2\/types\/post"}],"author":[{"embeddable":true,"href":"https:\/\/levangilealecran.com\/index.php?rest_route=\/wp\/v2\/users\/2006"}],"replies":[{"embeddable":true,"href":"https:\/\/levangilealecran.com\/index.php?rest_route=%2Fwp%2Fv2%2Fcomments&post=2040"}],"version-history":[{"count":1,"href":"https:\/\/levangilealecran.com\/index.php?rest_route=\/wp\/v2\/posts\/2040\/revisions"}],"predecessor-version":[{"id":2042,"href":"https:\/\/levangilealecran.com\/index.php?rest_route=\/wp\/v2\/posts\/2040\/revisions\/2042"}],"wp:attachment":[{"href":"https:\/\/levangilealecran.com\/index.php?rest_route=%2Fwp%2Fv2%2Fmedia&parent=2040"}],"wp:term":[{"taxonomy":"category","embeddable":true,"href":"https:\/\/levangilealecran.com\/index.php?rest_route=%2Fwp%2Fv2%2Fcategories&post=2040"},{"taxonomy":"post_tag","embeddable":true,"href":"https:\/\/levangilealecran.com\/index.php?rest_route=%2Fwp%2Fv2%2Ftags&post=2040"}],"curies":[{"name":"wp","href":"https:\/\/api.w.org\/{rel}","templated":true}]}}