{"id":2036,"date":"2020-05-19T08:00:00","date_gmt":"2020-05-19T06:00:00","guid":{"rendered":"https:\/\/levangilealecran.com\/?p=2036"},"modified":"2020-05-13T17:41:48","modified_gmt":"2020-05-13T15:41:48","slug":"mardi-19-mai-2020","status":"publish","type":"post","link":"https:\/\/levangilealecran.com\/?p=2036","title":{"rendered":"Mardi 19 mai 2020"},"content":{"rendered":"\n<blockquote class=\"wp-block-quote is-layout-flow wp-block-quote-is-layout-flow\"><p>\u00ab Pourtant, je vous dis la v\u00e9rit\u00e9 : il vaut mieux pour vous que je m\u2019en aille, car, si je ne m\u2019en vais pas, le D\u00e9fenseur ne viendra pas \u00e0 vous ; mais si je pars, je vous l\u2019enverrai.\u00bb<\/p><cite>Jean 16,7<\/cite><\/blockquote>\n\n\n\n<figure class=\"wp-block-image size-large\"><img loading=\"lazy\" decoding=\"async\" width=\"600\" height=\"600\" src=\"https:\/\/levangilealecran.com\/wp-content\/uploads\/2020\/05\/ImageEvEcr2020_05_19.jpg\" alt=\"\" class=\"wp-image-2037\" srcset=\"https:\/\/levangilealecran.com\/wp-content\/uploads\/2020\/05\/ImageEvEcr2020_05_19.jpg 600w, https:\/\/levangilealecran.com\/wp-content\/uploads\/2020\/05\/ImageEvEcr2020_05_19-300x300.jpg 300w, https:\/\/levangilealecran.com\/wp-content\/uploads\/2020\/05\/ImageEvEcr2020_05_19-150x150.jpg 150w\" sizes=\"auto, (max-width: 600px) 100vw, 600px\" \/><\/figure>\n\n\n\n<p class=\"wp-block-paragraph\"><strong>> Les disciples ont peur de perdre J\u00e9sus. Sans lui, l\u2019avenir devient incertain. Que vont-ils devenir ?<\/strong><\/p>\n\n\n\n<p class=\"wp-block-paragraph\"><strong>Pourtant, la mort de J\u00e9sus ne doit pas \u00eatre comprise comme une perte, mais au contraire comme un gain. Car elle permet la venue du D\u00e9fenseur, du Consolateur, de l\u2019Intercesseur, en un mot de l\u2019Esprit Saint !<\/strong><\/p>\n\n\n\n<p class=\"wp-block-paragraph\"><strong>Dans cette p\u00e9riode post-confinement si incertaine o\u00f9 nous aussi nous pouvons nous poser la question \u00ab qu\u2019allons-nous devenir ? \u00bb, l\u2019Evangile nous rappelle que nous ne sommes pas les premiers \u00e0 \u00eatre pass\u00e9s par l\u00e0. Bien plus encore, il souligne la promesse de l\u2019envoi de l\u2019Esprit Saint qui se r\u00e9alise \u00e0 Pentec\u00f4te. Cette promesse est aussi valable pour nous !<\/strong><\/p>\n\n\n\n<p class=\"wp-block-paragraph\"><strong>Ainsi, Dieu ne nous abandonne pas. Il nous envoie son Esprit Saint pour prendre soin de nous. Pour nous consoler. Pour nous d\u00e9fendre. Cette semaine, faisons donc tout particuli\u00e8rement une place \u00e0 l\u2019Esprit Saint. Mettons-nous \u00e0 l\u2019\u00e9coute. Laissons-nous guider. Abandonnons-nous en lui. Ainsi, nous pourrons faire face \u00e0 cet avenir incertain. Avec confiance.<\/strong><\/p>\n","protected":false},"excerpt":{"rendered":"<p>\u00ab Pourtant, je vous dis la v\u00e9rit\u00e9 : il vaut mieux pour vous que je m\u2019en aille, car, si je ne m\u2019en vais pas, le D\u00e9fenseur ne viendra pas \u00e0 vous ; mais si je pars, je vous l\u2019enverrai.\u00bb Jean 16,7 > Les disciples ont peur de perdre J\u00e9sus. Sans lui, l\u2019avenir devient incertain. Que vont-ils devenir ? Pourtant, la mort de J\u00e9sus ne doit pas \u00eatre comprise comme une perte, mais au contraire comme un gain. Car elle permet la venue du D\u00e9fenseur, du Consolateur, de l\u2019Intercesseur, en un mot de l\u2019Esprit Saint ! Dans cette p\u00e9riode post-confinement si incertaine o\u00f9 nous aussi nous pouvons nous poser la question \u2026 <a class=\"continue-reading-link\" href=\"https:\/\/levangilealecran.com\/?p=2036\"> Continue reading <span class=\"meta-nav\">&rarr; <\/span><\/a><\/p>\n","protected":false},"author":2006,"featured_media":0,"comment_status":"open","ping_status":"open","sticky":false,"template":"","format":"standard","meta":{"footnotes":""},"categories":[724,5],"tags":[26,767,766,86,765],"class_list":["post-2036","post","type-post","status-publish","format-standard","hentry","category-coronavirus","category-jean","tag-confiance","tag-consolateur","tag-defenseur","tag-esprit-saint","tag-incertitude"],"_links":{"self":[{"href":"https:\/\/levangilealecran.com\/index.php?rest_route=\/wp\/v2\/posts\/2036","targetHints":{"allow":["GET"]}}],"collection":[{"href":"https:\/\/levangilealecran.com\/index.php?rest_route=\/wp\/v2\/posts"}],"about":[{"href":"https:\/\/levangilealecran.com\/index.php?rest_route=\/wp\/v2\/types\/post"}],"author":[{"embeddable":true,"href":"https:\/\/levangilealecran.com\/index.php?rest_route=\/wp\/v2\/users\/2006"}],"replies":[{"embeddable":true,"href":"https:\/\/levangilealecran.com\/index.php?rest_route=%2Fwp%2Fv2%2Fcomments&post=2036"}],"version-history":[{"count":1,"href":"https:\/\/levangilealecran.com\/index.php?rest_route=\/wp\/v2\/posts\/2036\/revisions"}],"predecessor-version":[{"id":2038,"href":"https:\/\/levangilealecran.com\/index.php?rest_route=\/wp\/v2\/posts\/2036\/revisions\/2038"}],"wp:attachment":[{"href":"https:\/\/levangilealecran.com\/index.php?rest_route=%2Fwp%2Fv2%2Fmedia&parent=2036"}],"wp:term":[{"taxonomy":"category","embeddable":true,"href":"https:\/\/levangilealecran.com\/index.php?rest_route=%2Fwp%2Fv2%2Fcategories&post=2036"},{"taxonomy":"post_tag","embeddable":true,"href":"https:\/\/levangilealecran.com\/index.php?rest_route=%2Fwp%2Fv2%2Ftags&post=2036"}],"curies":[{"name":"wp","href":"https:\/\/api.w.org\/{rel}","templated":true}]}}