{"id":2028,"date":"2020-05-08T08:00:00","date_gmt":"2020-05-08T06:00:00","guid":{"rendered":"https:\/\/levangilealecran.com\/?p=2028"},"modified":"2020-05-07T19:52:45","modified_gmt":"2020-05-07T17:52:45","slug":"5e-dimanche-de-paques-10-mai-2020","status":"publish","type":"post","link":"https:\/\/levangilealecran.com\/?p=2028","title":{"rendered":"5e dimanche de P\u00e2ques &#8211; 10 mai 2020"},"content":{"rendered":"\n<blockquote class=\"wp-block-quote is-layout-flow wp-block-quote-is-layout-flow\"><p>\u00ab\u00a0Seigneur, nous ne savons m\u00eame pas o\u00f9 tu vas, comment en conna\u00eetrions-nous le chemin ?\u00a0\u00bb<\/p><cite>Jean 14, 5<\/cite><\/blockquote>\n\n\n\n<figure class=\"wp-block-image size-large\"><img loading=\"lazy\" decoding=\"async\" width=\"1024\" height=\"339\" src=\"https:\/\/levangilealecran.com\/wp-content\/uploads\/2020\/05\/1f5a93924cf55a49257198284fea0805-1024x339.jpg\" alt=\"\" class=\"wp-image-2029\" srcset=\"https:\/\/levangilealecran.com\/wp-content\/uploads\/2020\/05\/1f5a93924cf55a49257198284fea0805-1024x339.jpg 1024w, https:\/\/levangilealecran.com\/wp-content\/uploads\/2020\/05\/1f5a93924cf55a49257198284fea0805-300x99.jpg 300w, https:\/\/levangilealecran.com\/wp-content\/uploads\/2020\/05\/1f5a93924cf55a49257198284fea0805-768x254.jpg 768w, https:\/\/levangilealecran.com\/wp-content\/uploads\/2020\/05\/1f5a93924cf55a49257198284fea0805-600x199.jpg 600w, https:\/\/levangilealecran.com\/wp-content\/uploads\/2020\/05\/1f5a93924cf55a49257198284fea0805-1536x509.jpg 1536w, https:\/\/levangilealecran.com\/wp-content\/uploads\/2020\/05\/1f5a93924cf55a49257198284fea0805-2048x678.jpg 2048w, https:\/\/levangilealecran.com\/wp-content\/uploads\/2020\/05\/1f5a93924cf55a49257198284fea0805-150x50.jpg 150w, https:\/\/levangilealecran.com\/wp-content\/uploads\/2020\/05\/1f5a93924cf55a49257198284fea0805-250x83.jpg 250w\" sizes=\"auto, (max-width: 1024px) 100vw, 1024px\" \/><\/figure>\n\n\n\n<p class=\"wp-block-paragraph\"><strong>> En voil\u00e0 un qui ne manque pas de toupet, \u00e0 moins qu\u2019il ne soit pas conscient de ce qu\u2019il est en train de faire ? ou encore qu\u2019il soit suffisamment s\u00fbr de la relation qui le lie \u00e0 Celui qu\u2019il interrompt ?<\/strong><\/p>\n\n\n\n<p class=\"wp-block-paragraph\"><strong>Thomas, tel est le nom de ce hardi disciple, s\u2019adresse \u00e0 quelqu\u2019un qu\u2019il appelle Seigneur. Qu\u2019est-ce \u00e0 dire sinon qu\u2019il lui reconna\u00eet une certaine autorit\u00e9, voire une authentique sagesse ? Quand ce J\u00e9sus en a appel\u00e9 douze \u00e0 son service, Thomas a r\u00e9pondu favorablement. Comme les onze autres, il a re\u00e7u le pouvoir de chasser les esprits impurs, et de gu\u00e9rir toute maladie et toute infirmit\u00e9. L\u2019aventure d\u00e9marre plut\u00f4t bien.<\/strong><\/p>\n\n\n\n<p class=\"wp-block-paragraph\"><strong>Thomas s\u2019\u00e9tait d\u00e9j\u00e0 fait remarquer quelque temps auparavant lors de leur passage \u00e0 B\u00e9thanie. Plus exactement avant d\u2019y aller ! Rappelez-vous, J\u00e9sus leur indique qu\u2019il veut aller en Jud\u00e9e. Une contr\u00e9e o\u00f9, de toute \u00e9vidence, il n\u2019est pas le bienvenu. Les disciples ne sont pas na\u00effs et ne se sentent pas d\u2019aller dans cet endroit o\u00f9 la vie de leur ma\u00eetre est en quelque sorte compromise. A moins qu\u2019ils ne pensassent \u00e0 leur petite personne. Comment est-ce qu\u2019une telle pens\u00e9e peut traverser mon esprit ? Tout de m\u00eame, il s\u2019agit des disciples de la premi\u00e8re heure.<\/strong><\/p>\n\n\n\n<p class=\"wp-block-paragraph\"><strong>Quoique. En relisant le r\u00e9cit de cet \u00e9pisode, il se pourrait que les disciples n\u2019aient eu nul d\u00e9sir de se jeter dans la gueule du loup. Sauf un : Thomas. Inconscient du danger ou certain que son Ma\u00eetre veillerait au grain, Thomas dit \u00e0 ses potes : Allons-y aussi, afin de mourir avec lui. (Jn 11, 16).<\/strong><\/p>\n\n\n\n<p class=\"wp-block-paragraph\"><strong>Ici, ce m\u00eame Thomas joue cartes sur table avec son Seigneur. Il lui dit qu\u2019il ne comprend rien \u00e0 ses propos abscons. Bien lui en a pris. Cela nous vaut une r\u00e9ponse de J\u00e9sus qui nous aide pour la travers\u00e9e du d\u00e9sert : Je suis le chemin et la v\u00e9rit\u00e9 et la vie (Jn 14, 6).<\/strong><\/p>\n\n\n\n<p class=\"wp-block-paragraph\"><strong>Ai-je la m\u00eame libert\u00e9 que Thomas dans ma relation avec mon Sauveur et Seigneur ?<\/strong><\/p>\n","protected":false},"excerpt":{"rendered":"<p>\u00ab\u00a0Seigneur, nous ne savons m\u00eame pas o\u00f9 tu vas, comment en conna\u00eetrions-nous le chemin ?\u00a0\u00bb Jean 14, 5 > En voil\u00e0 un qui ne manque pas de toupet, \u00e0 moins qu\u2019il ne soit pas conscient de ce qu\u2019il est en train de faire ? ou encore qu\u2019il soit suffisamment s\u00fbr de la relation qui le lie \u00e0 Celui qu\u2019il interrompt ? Thomas, tel est le nom de ce hardi disciple, s\u2019adresse \u00e0 quelqu\u2019un qu\u2019il appelle Seigneur. Qu\u2019est-ce \u00e0 dire sinon qu\u2019il lui reconna\u00eet une certaine autorit\u00e9, voire une authentique sagesse ? Quand ce J\u00e9sus en a appel\u00e9 douze \u00e0 son service, Thomas a r\u00e9pondu favorablement. Comme les onze autres, il \u2026 <a class=\"continue-reading-link\" href=\"https:\/\/levangilealecran.com\/?p=2028\"> Continue reading <span class=\"meta-nav\">&rarr; <\/span><\/a><\/p>\n","protected":false},"author":2006,"featured_media":0,"comment_status":"open","ping_status":"open","sticky":false,"template":"","format":"standard","meta":{"footnotes":""},"categories":[724,4,73],"tags":[101,293,141,399,12,52],"class_list":["post-2028","post","type-post","status-publish","format-standard","hentry","category-coronavirus","category-dimanche","category-paques","tag-chemin","tag-doute","tag-liberte","tag-thomas","tag-verite","tag-vie"],"_links":{"self":[{"href":"https:\/\/levangilealecran.com\/index.php?rest_route=\/wp\/v2\/posts\/2028","targetHints":{"allow":["GET"]}}],"collection":[{"href":"https:\/\/levangilealecran.com\/index.php?rest_route=\/wp\/v2\/posts"}],"about":[{"href":"https:\/\/levangilealecran.com\/index.php?rest_route=\/wp\/v2\/types\/post"}],"author":[{"embeddable":true,"href":"https:\/\/levangilealecran.com\/index.php?rest_route=\/wp\/v2\/users\/2006"}],"replies":[{"embeddable":true,"href":"https:\/\/levangilealecran.com\/index.php?rest_route=%2Fwp%2Fv2%2Fcomments&post=2028"}],"version-history":[{"count":1,"href":"https:\/\/levangilealecran.com\/index.php?rest_route=\/wp\/v2\/posts\/2028\/revisions"}],"predecessor-version":[{"id":2030,"href":"https:\/\/levangilealecran.com\/index.php?rest_route=\/wp\/v2\/posts\/2028\/revisions\/2030"}],"wp:attachment":[{"href":"https:\/\/levangilealecran.com\/index.php?rest_route=%2Fwp%2Fv2%2Fmedia&parent=2028"}],"wp:term":[{"taxonomy":"category","embeddable":true,"href":"https:\/\/levangilealecran.com\/index.php?rest_route=%2Fwp%2Fv2%2Fcategories&post=2028"},{"taxonomy":"post_tag","embeddable":true,"href":"https:\/\/levangilealecran.com\/index.php?rest_route=%2Fwp%2Fv2%2Ftags&post=2028"}],"curies":[{"name":"wp","href":"https:\/\/api.w.org\/{rel}","templated":true}]}}