{"id":2024,"date":"2020-05-01T08:15:16","date_gmt":"2020-05-01T06:15:16","guid":{"rendered":"https:\/\/levangilealecran.com\/?p=2024"},"modified":"2020-05-01T08:15:16","modified_gmt":"2020-05-01T06:15:16","slug":"4e-dimanche-de-paques-3-mai-2020","status":"publish","type":"post","link":"https:\/\/levangilealecran.com\/?p=2024","title":{"rendered":"4e dimanche de P\u00e2ques &#8211; 3 mai 2020"},"content":{"rendered":"\n<blockquote class=\"wp-block-quote is-layout-flow wp-block-quote-is-layout-flow\"><p>\u00ab\u00a0Ses brebis \u00e0 lui, il les appelle chacune par son nom, et il les fait sortir.\u00a0\u00bb <\/p><cite>(Jean 10, 3)<\/cite><\/blockquote>\n\n\n\n<figure class=\"wp-block-image size-full is-resized\"><img loading=\"lazy\" decoding=\"async\" src=\"https:\/\/levangilealecran.com\/wp-content\/uploads\/2020\/05\/20200503_Jn103.png\" alt=\"\" class=\"wp-image-2025\" width=\"600\" height=\"600\" srcset=\"https:\/\/levangilealecran.com\/wp-content\/uploads\/2020\/05\/20200503_Jn103.png 1200w, https:\/\/levangilealecran.com\/wp-content\/uploads\/2020\/05\/20200503_Jn103-300x300.png 300w, https:\/\/levangilealecran.com\/wp-content\/uploads\/2020\/05\/20200503_Jn103-1024x1024.png 1024w, https:\/\/levangilealecran.com\/wp-content\/uploads\/2020\/05\/20200503_Jn103-150x150.png 150w, https:\/\/levangilealecran.com\/wp-content\/uploads\/2020\/05\/20200503_Jn103-768x768.png 768w, https:\/\/levangilealecran.com\/wp-content\/uploads\/2020\/05\/20200503_Jn103-600x600.png 600w\" sizes=\"auto, (max-width: 600px) 100vw, 600px\" \/><\/figure>\n\n\n\n<p class=\"wp-block-paragraph\"><strong>> Il y a dans ce verset deux \u00e9l\u00e9ments forts.<br>D&rsquo;abord, \u00ab\u00a0appeler par son nom\u00a0\u00bb. Par-l\u00e0, J\u00e9sus nous donne une identit\u00e9, cr\u00e9\u00e9 un lien, il n&rsquo;est pas un inconnu. \u00ab\u00a0Donner un nom\u00a0\u00bb a une signification profonde pour les juifs, \u00e7a permet d&rsquo;exister, de sortir du lot, d&rsquo;\u00eatre mis \u00e0 part. Ne dit-on pas \u00ab\u00a0Baptiser\u00a0\u00bb ?Puis, \u00ab\u00a0faire sortir\u00a0\u00bb, pour nous mener vers de verts p\u00e2turages, comme le rappelle aussi le psaume 22\/23. Ce n&rsquo;est pas sans rappeler la sortie d&rsquo;Egypte vers un lieu qui permet la vie et de grandir, manger et \u00eatre abreuv\u00e9.Ce n&rsquo;est pas juste \u00ab\u00a0suivre comme DES moutons\u00a0\u00bb, comme une foule ind\u00e9finie, mais chacune et chacun appel\u00e9 personnellement et se met \u00e0 suivre volontairement avec la certitude que c&rsquo;est une bonne chose.<\/strong><\/p>\n\n\n\n<p class=\"wp-block-paragraph\"><strong>> Cette semaine, tournons-nous vers J\u00e9sus. Demandons-lui encore et toujours de nous appeler. Mais pour entendre la voix de Celui qui appelle, faisons silence dans notre c\u0153ur, et passons par la seule porte qui m\u00e8ne vers la libert\u00e9 et la vie.<\/strong><\/p>\n","protected":false},"excerpt":{"rendered":"<p>\u00ab\u00a0Ses brebis \u00e0 lui, il les appelle chacune par son nom, et il les fait sortir.\u00a0\u00bb (Jean 10, 3) > Il y a dans ce verset deux \u00e9l\u00e9ments forts.D&rsquo;abord, \u00ab\u00a0appeler par son nom\u00a0\u00bb. Par-l\u00e0, J\u00e9sus nous donne une identit\u00e9, cr\u00e9\u00e9 un lien, il n&rsquo;est pas un inconnu. \u00ab\u00a0Donner un nom\u00a0\u00bb a une signification profonde pour les juifs, \u00e7a permet d&rsquo;exister, de sortir du lot, d&rsquo;\u00eatre mis \u00e0 part. Ne dit-on pas \u00ab\u00a0Baptiser\u00a0\u00bb ?Puis, \u00ab\u00a0faire sortir\u00a0\u00bb, pour nous mener vers de verts p\u00e2turages, comme le rappelle aussi le psaume 22\/23. Ce n&rsquo;est pas sans rappeler la sortie d&rsquo;Egypte vers un lieu qui permet la vie et de grandir, manger et \u00eatre \u2026 <a class=\"continue-reading-link\" href=\"https:\/\/levangilealecran.com\/?p=2024\"> Continue reading <span class=\"meta-nav\">&rarr; <\/span><\/a><\/p>\n","protected":false},"author":2005,"featured_media":0,"comment_status":"open","ping_status":"open","sticky":false,"template":"","format":"standard","meta":{"footnotes":""},"categories":[724,4,5,74],"tags":[99,125,764],"class_list":["post-2024","post","type-post","status-publish","format-standard","hentry","category-coronavirus","category-dimanche","category-jean","category-temps-pascal","tag-appel","tag-brebis","tag-sortir"],"_links":{"self":[{"href":"https:\/\/levangilealecran.com\/index.php?rest_route=\/wp\/v2\/posts\/2024","targetHints":{"allow":["GET"]}}],"collection":[{"href":"https:\/\/levangilealecran.com\/index.php?rest_route=\/wp\/v2\/posts"}],"about":[{"href":"https:\/\/levangilealecran.com\/index.php?rest_route=\/wp\/v2\/types\/post"}],"author":[{"embeddable":true,"href":"https:\/\/levangilealecran.com\/index.php?rest_route=\/wp\/v2\/users\/2005"}],"replies":[{"embeddable":true,"href":"https:\/\/levangilealecran.com\/index.php?rest_route=%2Fwp%2Fv2%2Fcomments&post=2024"}],"version-history":[{"count":1,"href":"https:\/\/levangilealecran.com\/index.php?rest_route=\/wp\/v2\/posts\/2024\/revisions"}],"predecessor-version":[{"id":2026,"href":"https:\/\/levangilealecran.com\/index.php?rest_route=\/wp\/v2\/posts\/2024\/revisions\/2026"}],"wp:attachment":[{"href":"https:\/\/levangilealecran.com\/index.php?rest_route=%2Fwp%2Fv2%2Fmedia&parent=2024"}],"wp:term":[{"taxonomy":"category","embeddable":true,"href":"https:\/\/levangilealecran.com\/index.php?rest_route=%2Fwp%2Fv2%2Fcategories&post=2024"},{"taxonomy":"post_tag","embeddable":true,"href":"https:\/\/levangilealecran.com\/index.php?rest_route=%2Fwp%2Fv2%2Ftags&post=2024"}],"curies":[{"name":"wp","href":"https:\/\/api.w.org\/{rel}","templated":true}]}}