{"id":1999,"date":"2020-04-17T08:13:41","date_gmt":"2020-04-17T06:13:41","guid":{"rendered":"https:\/\/levangilealecran.com\/?p=1999"},"modified":"2020-04-17T08:56:47","modified_gmt":"2020-04-17T06:56:47","slug":"2eme-dimanche-de-paques-19-avril-2020","status":"publish","type":"post","link":"https:\/\/levangilealecran.com\/?p=1999","title":{"rendered":"2\u00e8me Dimanche de P\u00e2ques, 19 avril 2020"},"content":{"rendered":"\n<blockquote class=\"wp-block-quote is-layout-flow wp-block-quote-is-layout-flow\"><p>\u00ab Alors que les portes \u00e9taient verrouill\u00e9es, J\u00e9sus \u00e9tait l\u00e0 au milieu d\u2019eux. \u00bb <\/p><cite>(Jean 20, 26)<\/cite><\/blockquote>\n\n\n\n<figure class=\"wp-block-image size-full is-resized\"><img loading=\"lazy\" decoding=\"async\" src=\"https:\/\/levangilealecran.com\/wp-content\/uploads\/2020\/04\/20200419_Jn2026.png\" alt=\"\" class=\"wp-image-2000\" width=\"600\" height=\"600\" srcset=\"https:\/\/levangilealecran.com\/wp-content\/uploads\/2020\/04\/20200419_Jn2026.png 1200w, https:\/\/levangilealecran.com\/wp-content\/uploads\/2020\/04\/20200419_Jn2026-300x300.png 300w, https:\/\/levangilealecran.com\/wp-content\/uploads\/2020\/04\/20200419_Jn2026-1024x1024.png 1024w, https:\/\/levangilealecran.com\/wp-content\/uploads\/2020\/04\/20200419_Jn2026-150x150.png 150w, https:\/\/levangilealecran.com\/wp-content\/uploads\/2020\/04\/20200419_Jn2026-768x768.png 768w, https:\/\/levangilealecran.com\/wp-content\/uploads\/2020\/04\/20200419_Jn2026-600x600.png 600w\" sizes=\"auto, (max-width: 600px) 100vw, 600px\" \/><\/figure>\n\n\n\n<p class=\"wp-block-paragraph\"><strong>> Par deux fois l\u2019\u00c9vangile pr\u00e9cise que les disciples avaient non seulement ferm\u00e9 leur porte mais ils l&rsquo;ont carr\u00e9ment verrouill\u00e9e, et ils restent l\u00e0 par crainte des juifs.<br>Et pourtant, par deux fois, alors m\u00eame qu&rsquo;ils sont enferm\u00e9s ainsi chez eux, J\u00e9sus vient les rejoindre, au plus profond de cette crainte qui les immobilise.<br>Il vient calmer leur crainte et apporter sa paix. Il va souffler sur eux l&rsquo;Esprit-Saint, pr\u00e9mices de la pentec\u00f4te et il les envoie ! Il les invite \u00e0 sortir de leur immobilisme, \u00e0 d\u00e9passer la crainte.<\/strong><\/p>\n\n\n\n<p class=\"wp-block-paragraph\"><strong>&gt; On notera que pour les disciples il a d\u00fb venir deux fois, car une semaine apr\u00e8s avoir vu J\u00e9sus, apr\u00e8s avoir re\u00e7u sa paix, apr\u00e8s avoir \u00e9t\u00e9 remplis de joie, ils \u00e9taient \u00e0 nouveau l\u00e0, enferm\u00e9s chez eux. Cette lib\u00e9ration de la peur n&rsquo;est pas simple, elle prend du temps, se fait par \u00e9tapes. Ne nous d\u00e9courageons pas si nous n&rsquo;osons pas affronter les peurs qui nous bloquent et nous emp\u00eachent de nous mettre en route. Comme les disciples, nous sommes invit\u00e9s \u00e0 d\u00e9celer la pr\u00e9sence de J\u00e9sus. Recevons la Paix de J\u00e9sus ressuscit\u00e9 !<\/strong><\/p>\n","protected":false},"excerpt":{"rendered":"<p>\u00ab Alors que les portes \u00e9taient verrouill\u00e9es, J\u00e9sus \u00e9tait l\u00e0 au milieu d\u2019eux. \u00bb (Jean 20, 26) > Par deux fois l\u2019\u00c9vangile pr\u00e9cise que les disciples avaient non seulement ferm\u00e9 leur porte mais ils l&rsquo;ont carr\u00e9ment verrouill\u00e9e, et ils restent l\u00e0 par crainte des juifs.Et pourtant, par deux fois, alors m\u00eame qu&rsquo;ils sont enferm\u00e9s ainsi chez eux, J\u00e9sus vient les rejoindre, au plus profond de cette crainte qui les immobilise.Il vient calmer leur crainte et apporter sa paix. Il va souffler sur eux l&rsquo;Esprit-Saint, pr\u00e9mices de la pentec\u00f4te et il les envoie ! Il les invite \u00e0 sortir de leur immobilisme, \u00e0 d\u00e9passer la crainte. &gt; On notera que pour \u2026 <a class=\"continue-reading-link\" href=\"https:\/\/levangilealecran.com\/?p=1999\"> Continue reading <span class=\"meta-nav\">&rarr; <\/span><\/a><\/p>\n","protected":false},"author":2005,"featured_media":0,"comment_status":"open","ping_status":"open","sticky":false,"template":"","format":"standard","meta":{"footnotes":""},"categories":[724,4,5,73,1,74],"tags":[728,407,19],"class_list":["post-1999","post","type-post","status-publish","format-standard","hentry","category-coronavirus","category-dimanche","category-jean","category-paques","category-sanscategorie","category-temps-pascal","tag-crainte","tag-envoi","tag-paix"],"_links":{"self":[{"href":"https:\/\/levangilealecran.com\/index.php?rest_route=\/wp\/v2\/posts\/1999","targetHints":{"allow":["GET"]}}],"collection":[{"href":"https:\/\/levangilealecran.com\/index.php?rest_route=\/wp\/v2\/posts"}],"about":[{"href":"https:\/\/levangilealecran.com\/index.php?rest_route=\/wp\/v2\/types\/post"}],"author":[{"embeddable":true,"href":"https:\/\/levangilealecran.com\/index.php?rest_route=\/wp\/v2\/users\/2005"}],"replies":[{"embeddable":true,"href":"https:\/\/levangilealecran.com\/index.php?rest_route=%2Fwp%2Fv2%2Fcomments&post=1999"}],"version-history":[{"count":2,"href":"https:\/\/levangilealecran.com\/index.php?rest_route=\/wp\/v2\/posts\/1999\/revisions"}],"predecessor-version":[{"id":2002,"href":"https:\/\/levangilealecran.com\/index.php?rest_route=\/wp\/v2\/posts\/1999\/revisions\/2002"}],"wp:attachment":[{"href":"https:\/\/levangilealecran.com\/index.php?rest_route=%2Fwp%2Fv2%2Fmedia&parent=1999"}],"wp:term":[{"taxonomy":"category","embeddable":true,"href":"https:\/\/levangilealecran.com\/index.php?rest_route=%2Fwp%2Fv2%2Fcategories&post=1999"},{"taxonomy":"post_tag","embeddable":true,"href":"https:\/\/levangilealecran.com\/index.php?rest_route=%2Fwp%2Fv2%2Ftags&post=1999"}],"curies":[{"name":"wp","href":"https:\/\/api.w.org\/{rel}","templated":true}]}}