{"id":1986,"date":"2020-04-10T12:25:52","date_gmt":"2020-04-10T10:25:52","guid":{"rendered":"https:\/\/levangilealecran.com\/?p=1986"},"modified":"2020-04-10T12:25:52","modified_gmt":"2020-04-10T10:25:52","slug":"vendredi-10-avril-2020-vendredi-saint","status":"publish","type":"post","link":"https:\/\/levangilealecran.com\/?p=1986","title":{"rendered":"Vendredi 10 avril 2020 &#8211; Vendredi Saint"},"content":{"rendered":"\n<blockquote class=\"wp-block-quote is-layout-flow wp-block-quote-is-layout-flow\"><p>J\u00e9sus dit : \u00ab Tout est accompli. \u00bb Puis, inclinant la t\u00eate, il remit l\u2019esprit.<\/p><cite>(Jn 19,30)<\/cite><\/blockquote>\n\n\n\n<figure class=\"wp-block-image size-full is-resized\"><img loading=\"lazy\" decoding=\"async\" src=\"https:\/\/levangilealecran.com\/wp-content\/uploads\/2020\/04\/Tout-est-accompli.jpg\" alt=\"\" class=\"wp-image-1988\" width=\"751\" height=\"499\" srcset=\"https:\/\/levangilealecran.com\/wp-content\/uploads\/2020\/04\/Tout-est-accompli.jpg 1502w, https:\/\/levangilealecran.com\/wp-content\/uploads\/2020\/04\/Tout-est-accompli-300x199.jpg 300w, https:\/\/levangilealecran.com\/wp-content\/uploads\/2020\/04\/Tout-est-accompli-1024x680.jpg 1024w, https:\/\/levangilealecran.com\/wp-content\/uploads\/2020\/04\/Tout-est-accompli-768x510.jpg 768w, https:\/\/levangilealecran.com\/wp-content\/uploads\/2020\/04\/Tout-est-accompli-600x398.jpg 600w, https:\/\/levangilealecran.com\/wp-content\/uploads\/2020\/04\/Tout-est-accompli-150x100.jpg 150w, https:\/\/levangilealecran.com\/wp-content\/uploads\/2020\/04\/Tout-est-accompli-226x150.jpg 226w\" sizes=\"auto, (max-width: 751px) 100vw, 751px\" \/><\/figure>\n\n\n\n<p class=\"wp-block-paragraph\"><strong>> En ce vendredi de la Passion, \u00e0 nouveau, pr\u00e8s de 2000 ans apr\u00e8s ce jour sombre et lumineux \u00e0 la fois, tout est accompli.<\/strong><\/p>\n\n\n\n<p class=\"wp-block-paragraph\"><strong>> Tout est accompli dans notre vie : il est mort pour nos p\u00e9ch\u00e9s, il a pris sur lui nos souffrances, il a \u00e9t\u00e9 crucifi\u00e9 pour nous lib\u00e9rer, il est mort pour que nous vivions de la vie \u00e9ternelle.<\/strong><\/p>\n\n\n\n<p class=\"wp-block-paragraph\"><strong>> Tout est accompli \u00e0 la croix, et pourtant tout commence. Tout recommence, avec Lui, dans notre vie. Portons un regard en arri\u00e8re, qu\u2019est-ce qui est accompli dans notre vie ? Qu\u2019est-ce qui rena\u00eet, qu\u2019est-ce qui recommence ? Et moi, quel ressuscit\u00e9 suis-je amen\u00e9 \u00e0 \u00eatre, apr\u00e8s ce temps de confinement, apr\u00e8s la croix de ce virus qui nous fait mourir ?<\/strong><\/p>\n","protected":false},"excerpt":{"rendered":"<p>J\u00e9sus dit : \u00ab Tout est accompli. \u00bb Puis, inclinant la t\u00eate, il remit l\u2019esprit. (Jn 19,30) > En ce vendredi de la Passion, \u00e0 nouveau, pr\u00e8s de 2000 ans apr\u00e8s ce jour sombre et lumineux \u00e0 la fois, tout est accompli. > Tout est accompli dans notre vie : il est mort pour nos p\u00e9ch\u00e9s, il a pris sur lui nos souffrances, il a \u00e9t\u00e9 crucifi\u00e9 pour nous lib\u00e9rer, il est mort pour que nous vivions de la vie \u00e9ternelle. > Tout est accompli \u00e0 la croix, et pourtant tout commence. Tout recommence, avec Lui, dans notre vie. Portons un regard en arri\u00e8re, qu\u2019est-ce qui est accompli dans notre \u2026 <a class=\"continue-reading-link\" href=\"https:\/\/levangilealecran.com\/?p=1986\"> Continue reading <span class=\"meta-nav\">&rarr; <\/span><\/a><\/p>\n","protected":false},"author":2006,"featured_media":0,"comment_status":"open","ping_status":"open","sticky":false,"template":"","format":"standard","meta":{"footnotes":""},"categories":[724,24,5,73],"tags":[194],"class_list":["post-1986","post","type-post","status-publish","format-standard","hentry","category-coronavirus","category-fetes","category-jean","category-paques","tag-accomplissement"],"_links":{"self":[{"href":"https:\/\/levangilealecran.com\/index.php?rest_route=\/wp\/v2\/posts\/1986","targetHints":{"allow":["GET"]}}],"collection":[{"href":"https:\/\/levangilealecran.com\/index.php?rest_route=\/wp\/v2\/posts"}],"about":[{"href":"https:\/\/levangilealecran.com\/index.php?rest_route=\/wp\/v2\/types\/post"}],"author":[{"embeddable":true,"href":"https:\/\/levangilealecran.com\/index.php?rest_route=\/wp\/v2\/users\/2006"}],"replies":[{"embeddable":true,"href":"https:\/\/levangilealecran.com\/index.php?rest_route=%2Fwp%2Fv2%2Fcomments&post=1986"}],"version-history":[{"count":2,"href":"https:\/\/levangilealecran.com\/index.php?rest_route=\/wp\/v2\/posts\/1986\/revisions"}],"predecessor-version":[{"id":1989,"href":"https:\/\/levangilealecran.com\/index.php?rest_route=\/wp\/v2\/posts\/1986\/revisions\/1989"}],"wp:attachment":[{"href":"https:\/\/levangilealecran.com\/index.php?rest_route=%2Fwp%2Fv2%2Fmedia&parent=1986"}],"wp:term":[{"taxonomy":"category","embeddable":true,"href":"https:\/\/levangilealecran.com\/index.php?rest_route=%2Fwp%2Fv2%2Fcategories&post=1986"},{"taxonomy":"post_tag","embeddable":true,"href":"https:\/\/levangilealecran.com\/index.php?rest_route=%2Fwp%2Fv2%2Ftags&post=1986"}],"curies":[{"name":"wp","href":"https:\/\/api.w.org\/{rel}","templated":true}]}}