{"id":1980,"date":"2020-04-08T12:00:00","date_gmt":"2020-04-08T10:00:00","guid":{"rendered":"https:\/\/levangilealecran.com\/?p=1980"},"modified":"2020-04-07T17:35:37","modified_gmt":"2020-04-07T15:35:37","slug":"mercredi-8-avril-2020","status":"publish","type":"post","link":"https:\/\/levangilealecran.com\/?p=1980","title":{"rendered":"Mercredi 8 avril 2020"},"content":{"rendered":"\n<blockquote class=\"wp-block-quote is-layout-flow wp-block-quote-is-layout-flow\"><p>\u00ab Prenant la parole, J\u00e9sus dit : celui qui s\u2019est servi au plat en m\u00eame temps que moi, celui-l\u00e0 va me livrer. \u00bb<\/p><cite>Mt 26, 23<\/cite><\/blockquote>\n\n\n\n<div class=\"wp-block-image\"><figure class=\"aligncenter size-large\"><img loading=\"lazy\" decoding=\"async\" width=\"407\" height=\"227\" src=\"https:\/\/levangilealecran.com\/wp-content\/uploads\/2020\/04\/judas7.jpg\" alt=\"\" class=\"wp-image-1981\" srcset=\"https:\/\/levangilealecran.com\/wp-content\/uploads\/2020\/04\/judas7.jpg 407w, https:\/\/levangilealecran.com\/wp-content\/uploads\/2020\/04\/judas7-300x167.jpg 300w, https:\/\/levangilealecran.com\/wp-content\/uploads\/2020\/04\/judas7-150x84.jpg 150w, https:\/\/levangilealecran.com\/wp-content\/uploads\/2020\/04\/judas7-250x139.jpg 250w\" sizes=\"auto, (max-width: 407px) 100vw, 407px\" \/><\/figure><\/div>\n\n\n\n<p class=\"wp-block-paragraph\"><strong>> En lisant ces versets, nous ressentons la d\u00e9termination de J\u00e9sus \u00e0 accomplir les derniers gestes de sa mission. A d\u00e9voiler aussi des sentiments et des paroles avant son d\u00e9part.<\/strong><\/p>\n\n\n\n<p class=\"wp-block-paragraph\"><strong>La P\u00e2que est un repas de joie, de lib\u00e9ration. Cette fois la r\u00e9jouissance est m\u00eal\u00e9e de tristesse et de soup\u00e7on.<\/strong><\/p>\n\n\n\n<p class=\"wp-block-paragraph\"><strong>Trahir ! Seigneur, moi, jamais ! Et cependant\u2026.Mais qui donc est le coupable alors ?Seul, J\u00e9sus le sais et le d\u00e9signe : \u00ab celui qui s\u2019est servi au plat en m\u00eame temps que moi \u00bb.<\/strong><\/p>\n\n\n\n<p class=\"wp-block-paragraph\"><strong>Si je partage ce plat avec Toi Seigneur et mes condisciples, je pourrais donc \u00eatre, moi aussi, la coupable potentielle.<\/strong><\/p>\n\n\n\n<p class=\"wp-block-paragraph\"><strong>Mais Toi, Seigneur, tu laisses le champ libre \u00e0 chacun de trahir ou pas, sauf que Dieu le P\u00e8re reste le ma\u00eetre du jeu et la trahison de Judas fait partie du plan.<\/strong><\/p>\n\n\n\n<p class=\"wp-block-paragraph\"><strong>Celui qui met la main au plat en m\u00eame temps que J\u00e9sus c\u2019est : l\u2019HOMME.<\/strong><\/p>\n","protected":false},"excerpt":{"rendered":"<p>\u00ab Prenant la parole, J\u00e9sus dit : celui qui s\u2019est servi au plat en m\u00eame temps que moi, celui-l\u00e0 va me livrer. \u00bb Mt 26, 23 > En lisant ces versets, nous ressentons la d\u00e9termination de J\u00e9sus \u00e0 accomplir les derniers gestes de sa mission. A d\u00e9voiler aussi des sentiments et des paroles avant son d\u00e9part. La P\u00e2que est un repas de joie, de lib\u00e9ration. Cette fois la r\u00e9jouissance est m\u00eal\u00e9e de tristesse et de soup\u00e7on. Trahir ! Seigneur, moi, jamais ! Et cependant\u2026.Mais qui donc est le coupable alors ?Seul, J\u00e9sus le sais et le d\u00e9signe : \u00ab celui qui s\u2019est servi au plat en m\u00eame temps que moi \u2026 <a class=\"continue-reading-link\" href=\"https:\/\/levangilealecran.com\/?p=1980\"> Continue reading <span class=\"meta-nav\">&rarr; <\/span><\/a><\/p>\n","protected":false},"author":2006,"featured_media":0,"comment_status":"open","ping_status":"open","sticky":false,"template":"","format":"standard","meta":{"footnotes":""},"categories":[44,724,8],"tags":[650,575,758,395],"class_list":["post-1980","post","type-post","status-publish","format-standard","hentry","category-careme","category-coronavirus","category-matthieu","tag-homme","tag-liberation","tag-paque","tag-trahison"],"_links":{"self":[{"href":"https:\/\/levangilealecran.com\/index.php?rest_route=\/wp\/v2\/posts\/1980","targetHints":{"allow":["GET"]}}],"collection":[{"href":"https:\/\/levangilealecran.com\/index.php?rest_route=\/wp\/v2\/posts"}],"about":[{"href":"https:\/\/levangilealecran.com\/index.php?rest_route=\/wp\/v2\/types\/post"}],"author":[{"embeddable":true,"href":"https:\/\/levangilealecran.com\/index.php?rest_route=\/wp\/v2\/users\/2006"}],"replies":[{"embeddable":true,"href":"https:\/\/levangilealecran.com\/index.php?rest_route=%2Fwp%2Fv2%2Fcomments&post=1980"}],"version-history":[{"count":1,"href":"https:\/\/levangilealecran.com\/index.php?rest_route=\/wp\/v2\/posts\/1980\/revisions"}],"predecessor-version":[{"id":1982,"href":"https:\/\/levangilealecran.com\/index.php?rest_route=\/wp\/v2\/posts\/1980\/revisions\/1982"}],"wp:attachment":[{"href":"https:\/\/levangilealecran.com\/index.php?rest_route=%2Fwp%2Fv2%2Fmedia&parent=1980"}],"wp:term":[{"taxonomy":"category","embeddable":true,"href":"https:\/\/levangilealecran.com\/index.php?rest_route=%2Fwp%2Fv2%2Fcategories&post=1980"},{"taxonomy":"post_tag","embeddable":true,"href":"https:\/\/levangilealecran.com\/index.php?rest_route=%2Fwp%2Fv2%2Ftags&post=1980"}],"curies":[{"name":"wp","href":"https:\/\/api.w.org\/{rel}","templated":true}]}}