{"id":1977,"date":"2020-04-07T12:48:04","date_gmt":"2020-04-07T10:48:04","guid":{"rendered":"https:\/\/levangilealecran.com\/?p=1977"},"modified":"2020-04-07T12:48:04","modified_gmt":"2020-04-07T10:48:04","slug":"mardi-de-la-semaine-sainte-2020","status":"publish","type":"post","link":"https:\/\/levangilealecran.com\/?p=1977","title":{"rendered":"Mardi de la semaine Sainte 2020"},"content":{"rendered":"\n<blockquote class=\"wp-block-quote is-layout-flow wp-block-quote-is-layout-flow\"><p>J\u00e9sus r\u00e9plique :\u00ab Tu donneras ta vie pour moi ?Amen, amen, je te le dis :le coq ne chantera pasavant que tu m\u2019aies reni\u00e9 trois fois. \u00bb<\/p><cite>(Jn 13,38)<\/cite><\/blockquote>\n\n\n\n<figure class=\"wp-block-image size-large is-resized\"><img loading=\"lazy\" decoding=\"async\" src=\"https:\/\/levangilealecran.com\/wp-content\/uploads\/2020\/04\/Amen-1024x579.png\" alt=\"\" class=\"wp-image-1978\" width=\"512\" height=\"290\" srcset=\"https:\/\/levangilealecran.com\/wp-content\/uploads\/2020\/04\/Amen-1024x579.png 1024w, https:\/\/levangilealecran.com\/wp-content\/uploads\/2020\/04\/Amen-300x170.png 300w, https:\/\/levangilealecran.com\/wp-content\/uploads\/2020\/04\/Amen-768x435.png 768w, https:\/\/levangilealecran.com\/wp-content\/uploads\/2020\/04\/Amen-600x339.png 600w, https:\/\/levangilealecran.com\/wp-content\/uploads\/2020\/04\/Amen-1536x869.png 1536w, https:\/\/levangilealecran.com\/wp-content\/uploads\/2020\/04\/Amen-150x85.png 150w, https:\/\/levangilealecran.com\/wp-content\/uploads\/2020\/04\/Amen-250x141.png 250w, https:\/\/levangilealecran.com\/wp-content\/uploads\/2020\/04\/Amen.png 1672w\" sizes=\"auto, (max-width: 512px) 100vw, 512px\" \/><\/figure>\n\n\n\n<p class=\"wp-block-paragraph\"><strong>> Pierre ne le sait pas encore, lui qui vient d\u2019affirmer qu\u2019il \u00e9tait capable de donner sa vie pour le Christ : c\u2019est dans l\u2019\u00e9preuve, et non quand tout va bien, qu\u2019on v\u00e9rifie ce genre de phrases.<br>> Nous traversons actuellement une \u00e9preuve, avec le Covid-19. S\u2019il est vrai que ce temps r\u00e9v\u00e8le certaines attitudes n\u00e9gatives, il met aussi &#8211; et m\u00eame d\u2019abord ! &#8211; en lumi\u00e8re tant de belles solidarit\u00e9s, tant de beaux gestes, parfois compl\u00e8tement inattendus ! Tant d\u2019inventivit\u00e9, aussi, pour que les gens puissent \u00eatre rejoints d\u2019une mani\u00e8re ou d\u2019une autre !<br>> Avec le Christ, et Pierre l\u2019apprendra au bord du lac plus tard, aucune phrase regrettable n\u2019est d\u00e9finitive, il y a toujours moyen de se racheter. Nous vivons un temps dans lequel Dieu nous donne de pouvoir exprimer le meilleur, qui que nous soyons, quel que soit notre pass\u00e9, pour tirer de la lumi\u00e8re du mal que nous traversons. A nous de jouer !<\/strong><\/p>\n","protected":false},"excerpt":{"rendered":"<p>J\u00e9sus r\u00e9plique :\u00ab Tu donneras ta vie pour moi ?Amen, amen, je te le dis :le coq ne chantera pasavant que tu m\u2019aies reni\u00e9 trois fois. \u00bb (Jn 13,38) > Pierre ne le sait pas encore, lui qui vient d\u2019affirmer qu\u2019il \u00e9tait capable de donner sa vie pour le Christ : c\u2019est dans l\u2019\u00e9preuve, et non quand tout va bien, qu\u2019on v\u00e9rifie ce genre de phrases.> Nous traversons actuellement une \u00e9preuve, avec le Covid-19. S\u2019il est vrai que ce temps r\u00e9v\u00e8le certaines attitudes n\u00e9gatives, il met aussi &#8211; et m\u00eame d\u2019abord ! &#8211; en lumi\u00e8re tant de belles solidarit\u00e9s, tant de beaux gestes, parfois compl\u00e8tement inattendus ! Tant d\u2019inventivit\u00e9, aussi, \u2026 <a class=\"continue-reading-link\" href=\"https:\/\/levangilealecran.com\/?p=1977\"> Continue reading <span class=\"meta-nav\">&rarr; <\/span><\/a><\/p>\n","protected":false},"author":2006,"featured_media":0,"comment_status":"open","ping_status":"open","sticky":false,"template":"","format":"standard","meta":{"footnotes":""},"categories":[44,724,5],"tags":[756,473,757],"class_list":["post-1977","post","type-post","status-publish","format-standard","hentry","category-careme","category-coronavirus","category-jean","tag-amen","tag-epreuve","tag-rachete"],"_links":{"self":[{"href":"https:\/\/levangilealecran.com\/index.php?rest_route=\/wp\/v2\/posts\/1977","targetHints":{"allow":["GET"]}}],"collection":[{"href":"https:\/\/levangilealecran.com\/index.php?rest_route=\/wp\/v2\/posts"}],"about":[{"href":"https:\/\/levangilealecran.com\/index.php?rest_route=\/wp\/v2\/types\/post"}],"author":[{"embeddable":true,"href":"https:\/\/levangilealecran.com\/index.php?rest_route=\/wp\/v2\/users\/2006"}],"replies":[{"embeddable":true,"href":"https:\/\/levangilealecran.com\/index.php?rest_route=%2Fwp%2Fv2%2Fcomments&post=1977"}],"version-history":[{"count":1,"href":"https:\/\/levangilealecran.com\/index.php?rest_route=\/wp\/v2\/posts\/1977\/revisions"}],"predecessor-version":[{"id":1979,"href":"https:\/\/levangilealecran.com\/index.php?rest_route=\/wp\/v2\/posts\/1977\/revisions\/1979"}],"wp:attachment":[{"href":"https:\/\/levangilealecran.com\/index.php?rest_route=%2Fwp%2Fv2%2Fmedia&parent=1977"}],"wp:term":[{"taxonomy":"category","embeddable":true,"href":"https:\/\/levangilealecran.com\/index.php?rest_route=%2Fwp%2Fv2%2Fcategories&post=1977"},{"taxonomy":"post_tag","embeddable":true,"href":"https:\/\/levangilealecran.com\/index.php?rest_route=%2Fwp%2Fv2%2Ftags&post=1977"}],"curies":[{"name":"wp","href":"https:\/\/api.w.org\/{rel}","templated":true}]}}