{"id":1974,"date":"2020-04-06T12:34:47","date_gmt":"2020-04-06T10:34:47","guid":{"rendered":"https:\/\/levangilealecran.com\/?p=1974"},"modified":"2020-04-06T12:34:47","modified_gmt":"2020-04-06T10:34:47","slug":"lundi-6-avril-2020","status":"publish","type":"post","link":"https:\/\/levangilealecran.com\/?p=1974","title":{"rendered":"Lundi 6 avril 2020"},"content":{"rendered":"\n<blockquote class=\"wp-block-quote is-layout-flow wp-block-quote-is-layout-flow\"><p>\u00ab Une grande foule de Juifs apprit que J\u00e9sus \u00e9tait l\u00e0, et ils arriv\u00e8rent, non seulement \u00e0 cause de J\u00e9sus, mais aussi pour voir ce Lazare qu\u2019il avait r\u00e9veill\u00e9 d\u2019entre les morts. Les grands pr\u00eatres d\u00e9cid\u00e8rent alors de tuer aussi Lazare, parce que beaucoup de Juifs, \u00e0 cause de lui, s\u2019en allaient, et croyaient en J\u00e9sus. \u00bb<\/p><cite>Jean 12, 9-11<\/cite><\/blockquote>\n\n\n\n<figure class=\"wp-block-image size-large\"><img loading=\"lazy\" decoding=\"async\" width=\"1024\" height=\"536\" src=\"https:\/\/levangilealecran.com\/wp-content\/uploads\/2020\/04\/ImageEvEcr2020_04_06-1024x536.jpg\" alt=\"\" class=\"wp-image-1975\" srcset=\"https:\/\/levangilealecran.com\/wp-content\/uploads\/2020\/04\/ImageEvEcr2020_04_06-1024x536.jpg 1024w, https:\/\/levangilealecran.com\/wp-content\/uploads\/2020\/04\/ImageEvEcr2020_04_06-300x157.jpg 300w, https:\/\/levangilealecran.com\/wp-content\/uploads\/2020\/04\/ImageEvEcr2020_04_06-768x402.jpg 768w, https:\/\/levangilealecran.com\/wp-content\/uploads\/2020\/04\/ImageEvEcr2020_04_06-600x314.jpg 600w, https:\/\/levangilealecran.com\/wp-content\/uploads\/2020\/04\/ImageEvEcr2020_04_06-150x79.jpg 150w, https:\/\/levangilealecran.com\/wp-content\/uploads\/2020\/04\/ImageEvEcr2020_04_06-250x131.jpg 250w, https:\/\/levangilealecran.com\/wp-content\/uploads\/2020\/04\/ImageEvEcr2020_04_06.jpg 1200w\" sizes=\"auto, (max-width: 1024px) 100vw, 1024px\" \/><\/figure>\n\n\n\n<p class=\"wp-block-paragraph\"><strong>> Ce texte du d\u00e9but de la Semaine sainte nous fait apercevoir le\u00a0contexte dans lequel J\u00e9sus s\u2019appr\u00eate \u00e0 \u00eatre condamn\u00e9.\u00a0\u00a0<\/strong><\/p>\n\n\n\n<p class=\"wp-block-paragraph\"><strong>Les grands pr\u00eatres ont d\u00e9j\u00e0 d\u00e9cid\u00e9 de condamner J\u00e9sus et on apprend ici qu\u2019ils d\u00e9cident m\u00eame de tuer Lazare car le fait qu\u2019il soit en vie est un t\u00e9moignage bien trop d\u00e9rangeant de ce que J\u00e9sus est capable de faire. Cela effraie les tenants de l\u2019ordre religieux et politique. Ce J\u00e9sus commence \u00e0 avoir beaucoup trop d\u2019influence sur les foules\u2026<\/strong><\/p>\n\n\n\n<p class=\"wp-block-paragraph\"><strong>On le sent ici : nous sommes proches du d\u00e9nouement. De toutes parts, les crispations ou les exaltations s\u2019exacerbent. L\u2019\u00e9clatement ou le d\u00e9voilement n\u2019est pas loin\u2026<\/strong><\/p>\n\n\n\n<p class=\"wp-block-paragraph\"><strong>Mais ceux qui cherchent \u00e0 condamner J\u00e9sus passent \u00e0 c\u00f4t\u00e9 de son v\u00e9ritable message. Ils ne cherchent pas \u00e0 l\u2019entendre d\u2019ailleurs, mais demeurent fig\u00e9s dans leur d\u00e9sir de maintenir \u00e0 tout prix l\u2019ordre, leur position, la tradition\u2026 Pourtant, la r\u00e9surrection de Lazare ne veut pas montrer \u00e0 tous la puissance terrestre de J\u00e9sus mais manifeste que le Christ nous sauve de la mort, la mort est vaincue par lui et P\u00e2ques en sera le t\u00e9moignage ultime.\u00a0<\/strong><\/p>\n\n\n\n<p class=\"wp-block-paragraph\"><strong>Malgr\u00e9 la foule, J\u00e9sus se retrouvera seul, ou presque, au moment de mourir. Comment faire, \u00e0 notre tour, pour que les paroles du Christ, ses signes et ses prodiges nous transforment au point de choisir de se mettre \u00e0 sa suite enti\u00e8rement et radicalement ?<\/strong><\/p>\n","protected":false},"excerpt":{"rendered":"<p>\u00ab Une grande foule de Juifs apprit que J\u00e9sus \u00e9tait l\u00e0, et ils arriv\u00e8rent, non seulement \u00e0 cause de J\u00e9sus, mais aussi pour voir ce Lazare qu\u2019il avait r\u00e9veill\u00e9 d\u2019entre les morts. Les grands pr\u00eatres d\u00e9cid\u00e8rent alors de tuer aussi Lazare, parce que beaucoup de Juifs, \u00e0 cause de lui, s\u2019en allaient, et croyaient en J\u00e9sus. \u00bb Jean 12, 9-11 > Ce texte du d\u00e9but de la Semaine sainte nous fait apercevoir le\u00a0contexte dans lequel J\u00e9sus s\u2019appr\u00eate \u00e0 \u00eatre condamn\u00e9.\u00a0\u00a0 Les grands pr\u00eatres ont d\u00e9j\u00e0 d\u00e9cid\u00e9 de condamner J\u00e9sus et on apprend ici qu\u2019ils d\u00e9cident m\u00eame de tuer Lazare car le fait qu\u2019il soit en vie est un t\u00e9moignage bien \u2026 <a class=\"continue-reading-link\" href=\"https:\/\/levangilealecran.com\/?p=1974\"> Continue reading <span class=\"meta-nav\">&rarr; <\/span><\/a><\/p>\n","protected":false},"author":2006,"featured_media":0,"comment_status":"open","ping_status":"open","sticky":false,"template":"","format":"standard","meta":{"footnotes":""},"categories":[44,724,254],"tags":[752,753,38,754,55,232,755],"class_list":["post-1974","post","type-post","status-publish","format-standard","hentry","category-careme","category-coronavirus","category-semaine-sainte","tag-condamne","tag-devoilement","tag-jesus","tag-message","tag-resurrection","tag-suivre","tag-transformes"],"_links":{"self":[{"href":"https:\/\/levangilealecran.com\/index.php?rest_route=\/wp\/v2\/posts\/1974","targetHints":{"allow":["GET"]}}],"collection":[{"href":"https:\/\/levangilealecran.com\/index.php?rest_route=\/wp\/v2\/posts"}],"about":[{"href":"https:\/\/levangilealecran.com\/index.php?rest_route=\/wp\/v2\/types\/post"}],"author":[{"embeddable":true,"href":"https:\/\/levangilealecran.com\/index.php?rest_route=\/wp\/v2\/users\/2006"}],"replies":[{"embeddable":true,"href":"https:\/\/levangilealecran.com\/index.php?rest_route=%2Fwp%2Fv2%2Fcomments&post=1974"}],"version-history":[{"count":1,"href":"https:\/\/levangilealecran.com\/index.php?rest_route=\/wp\/v2\/posts\/1974\/revisions"}],"predecessor-version":[{"id":1976,"href":"https:\/\/levangilealecran.com\/index.php?rest_route=\/wp\/v2\/posts\/1974\/revisions\/1976"}],"wp:attachment":[{"href":"https:\/\/levangilealecran.com\/index.php?rest_route=%2Fwp%2Fv2%2Fmedia&parent=1974"}],"wp:term":[{"taxonomy":"category","embeddable":true,"href":"https:\/\/levangilealecran.com\/index.php?rest_route=%2Fwp%2Fv2%2Fcategories&post=1974"},{"taxonomy":"post_tag","embeddable":true,"href":"https:\/\/levangilealecran.com\/index.php?rest_route=%2Fwp%2Fv2%2Ftags&post=1974"}],"curies":[{"name":"wp","href":"https:\/\/api.w.org\/{rel}","templated":true}]}}