{"id":1954,"date":"2020-04-05T06:00:00","date_gmt":"2020-04-05T04:00:00","guid":{"rendered":"http:\/\/levangilealecran.com?p=1954"},"modified":"2020-04-04T12:52:36","modified_gmt":"2020-04-04T10:52:36","slug":"dimanche-5-avril-2020-rameaux","status":"publish","type":"post","link":"https:\/\/levangilealecran.com\/?p=1954","title":{"rendered":"Dimanche 5 avril 2020 &#8211; Rameaux"},"content":{"rendered":"\n<blockquote class=\"wp-block-quote is-layout-flow wp-block-quote-is-layout-flow\"><p>\u00ab\u00a0Dans la foule, la plupart \u00e9tendirent leurs manteaux sur le chemin\u00a0; d\u2019autres coupaient des branches aux arbres et en jonchaient la route.\u00bb<\/p><cite>Mt 21,8<\/cite><\/blockquote>\n\n\n\n<figure class=\"wp-block-image size-large\"><img loading=\"lazy\" decoding=\"async\" width=\"600\" height=\"600\" src=\"http:\/\/levangilealecran.comwp-content\/uploads\/2020\/04\/ImageEvEcr2020_04_05.jpg\" alt=\"\" class=\"wp-image-1955\" srcset=\"https:\/\/levangilealecran.com\/wp-content\/uploads\/2020\/04\/ImageEvEcr2020_04_05.jpg 600w, https:\/\/levangilealecran.com\/wp-content\/uploads\/2020\/04\/ImageEvEcr2020_04_05-300x300.jpg 300w, https:\/\/levangilealecran.com\/wp-content\/uploads\/2020\/04\/ImageEvEcr2020_04_05-150x150.jpg 150w\" sizes=\"auto, (max-width: 600px) 100vw, 600px\" \/><\/figure>\n\n\n\n<p class=\"wp-block-paragraph\"><strong>> Voici que J\u00e9sus arrive aux portes de J\u00e9rusalem o\u00f9 il va vivre sa Passion. L\u2019accueil est triomphal. Ce sont maintenant les manteaux des gens de la foule qui sont mis sur le chemin avec des rameaux, comme pour un tapis d\u2019honneur.<\/strong><\/p>\n\n\n\n<p class=\"wp-block-paragraph\"><strong>Honorer J\u00e9sus, c\u2019est d\u2019abord lui rendre honneur. Le louer comme notre Sauveur. L\u2019acclamer comme notre roi. C\u2019est dans un esprit de reconnaissance lui rendre gr\u00e2ce pour tous ses bienfaits dans nos vies, toutes ces b\u00e9n\u00e9dictions qui sont peut-\u00eatre encore davantage mises en \u00e9vidence par la crise que nous traversons. C\u2019est, conscients du poids de la Croix et du mal mais les yeux bien fix\u00e9s sur l\u2019horizon pascal, se r\u00e9jouir de ce qui vient\u00a0: la vie est plus forte que la mort.\u00a0<\/strong><\/p>\n\n\n\n<p class=\"wp-block-paragraph\"><strong>Plus globalement dans notre contexte de vie morose, c\u2019est aussi rendre honneur \u00e0 chacune et chacun qui se bat pour que l\u2019esp\u00e9rance et la Vie puissent gagner sur les t\u00e9n\u00e8bres et la mort.\u00a0<\/strong><\/p>\n\n\n\n<p class=\"wp-block-paragraph\"><strong>Alors en jour des Rameaux, soyons simplement reconnaissants. Et honorons tant notre Seigneur J\u00e9sus Christ que notre prochain par une action de gr\u00e2ce.<\/strong><\/p>\n","protected":false},"excerpt":{"rendered":"<p>\u00ab\u00a0Dans la foule, la plupart \u00e9tendirent leurs manteaux sur le chemin\u00a0; d\u2019autres coupaient des branches aux arbres et en jonchaient la route.\u00bb Mt 21,8 > Voici que J\u00e9sus arrive aux portes de J\u00e9rusalem o\u00f9 il va vivre sa Passion. L\u2019accueil est triomphal. Ce sont maintenant les manteaux des gens de la foule qui sont mis sur le chemin avec des rameaux, comme pour un tapis d\u2019honneur. Honorer J\u00e9sus, c\u2019est d\u2019abord lui rendre honneur. Le louer comme notre Sauveur. L\u2019acclamer comme notre roi. C\u2019est dans un esprit de reconnaissance lui rendre gr\u00e2ce pour tous ses bienfaits dans nos vies, toutes ces b\u00e9n\u00e9dictions qui sont peut-\u00eatre encore davantage mises en \u00e9vidence par \u2026 <a class=\"continue-reading-link\" href=\"https:\/\/levangilealecran.com\/?p=1954\"> Continue reading <span class=\"meta-nav\">&rarr; <\/span><\/a><\/p>\n","protected":false},"author":2006,"featured_media":0,"comment_status":"open","ping_status":"open","sticky":false,"template":"","format":"standard","meta":{"footnotes":""},"categories":[44,724,4,8],"tags":[50,751,63,59,218,13,52],"class_list":["post-1954","post","type-post","status-publish","format-standard","hentry","category-careme","category-coronavirus","category-dimanche","category-matthieu","tag-esperance","tag-honneur","tag-passion","tag-rameaux","tag-reconnaissance","tag-sauveur","tag-vie"],"_links":{"self":[{"href":"https:\/\/levangilealecran.com\/index.php?rest_route=\/wp\/v2\/posts\/1954","targetHints":{"allow":["GET"]}}],"collection":[{"href":"https:\/\/levangilealecran.com\/index.php?rest_route=\/wp\/v2\/posts"}],"about":[{"href":"https:\/\/levangilealecran.com\/index.php?rest_route=\/wp\/v2\/types\/post"}],"author":[{"embeddable":true,"href":"https:\/\/levangilealecran.com\/index.php?rest_route=\/wp\/v2\/users\/2006"}],"replies":[{"embeddable":true,"href":"https:\/\/levangilealecran.com\/index.php?rest_route=%2Fwp%2Fv2%2Fcomments&post=1954"}],"version-history":[{"count":1,"href":"https:\/\/levangilealecran.com\/index.php?rest_route=\/wp\/v2\/posts\/1954\/revisions"}],"predecessor-version":[{"id":1956,"href":"https:\/\/levangilealecran.com\/index.php?rest_route=\/wp\/v2\/posts\/1954\/revisions\/1956"}],"wp:attachment":[{"href":"https:\/\/levangilealecran.com\/index.php?rest_route=%2Fwp%2Fv2%2Fmedia&parent=1954"}],"wp:term":[{"taxonomy":"category","embeddable":true,"href":"https:\/\/levangilealecran.com\/index.php?rest_route=%2Fwp%2Fv2%2Fcategories&post=1954"},{"taxonomy":"post_tag","embeddable":true,"href":"https:\/\/levangilealecran.com\/index.php?rest_route=%2Fwp%2Fv2%2Ftags&post=1954"}],"curies":[{"name":"wp","href":"https:\/\/api.w.org\/{rel}","templated":true}]}}