{"id":1950,"date":"2020-04-04T11:55:53","date_gmt":"2020-04-04T09:55:53","guid":{"rendered":"http:\/\/levangilealecran.com?p=1950"},"modified":"2020-04-04T11:57:26","modified_gmt":"2020-04-04T09:57:26","slug":"samedi-4-avril-2020","status":"publish","type":"post","link":"https:\/\/levangilealecran.com\/?p=1950","title":{"rendered":"Samedi 4 avril 2020"},"content":{"rendered":"\n<blockquote class=\"wp-block-quote is-layout-flow wp-block-quote-is-layout-flow\"><p>\u00ab\u00a0Qu\u2019en pensez-vous\u00a0? Il ne viendra s\u00fbrement pas \u00e0 la f\u00eate\u00a0!\u00a0\u00bb<\/p><cite>Jean 11, 56<\/cite><\/blockquote>\n\n\n\n<figure class=\"wp-block-image size-large\"><img loading=\"lazy\" decoding=\"async\" width=\"959\" height=\"640\" src=\"http:\/\/levangilealecran.comwp-content\/uploads\/2020\/04\/ImageEvEcr2020_04_04.jpg\" alt=\"\" class=\"wp-image-1951\" srcset=\"https:\/\/levangilealecran.com\/wp-content\/uploads\/2020\/04\/ImageEvEcr2020_04_04.jpg 959w, https:\/\/levangilealecran.com\/wp-content\/uploads\/2020\/04\/ImageEvEcr2020_04_04-300x200.jpg 300w, https:\/\/levangilealecran.com\/wp-content\/uploads\/2020\/04\/ImageEvEcr2020_04_04-768x513.jpg 768w, https:\/\/levangilealecran.com\/wp-content\/uploads\/2020\/04\/ImageEvEcr2020_04_04-600x400.jpg 600w, https:\/\/levangilealecran.com\/wp-content\/uploads\/2020\/04\/ImageEvEcr2020_04_04-150x100.jpg 150w, https:\/\/levangilealecran.com\/wp-content\/uploads\/2020\/04\/ImageEvEcr2020_04_04-225x150.jpg 225w\" sizes=\"auto, (max-width: 959px) 100vw, 959px\" \/><\/figure>\n\n\n\n<p class=\"wp-block-paragraph\"><strong>Dialogue entre un grand p\u00e8re et sa petite-fille en 2060&#8230;<\/strong><br><strong><br>&#8211; Tiens, tu vois Johane&#8230;on dirait bien que cette f\u00eate de la P\u00e2que telle que la d\u00e9crit Jean est en passe d&rsquo;\u00eatre perturb\u00e9e&#8230;les Pharisiens cherchent \u00e0 faire mourir J\u00e9sus, si bien que celui-ci cesse toute apparition publique et se tient \u00e0 l&rsquo;\u00e9cart&#8230;et les gens se demandent m\u00eame si Il viendra \u00e0 cette f\u00eate si\u00a0importante de la lib\u00e9ration&#8230;<br>Tiens \u00e7a me rappelle quelque chose: en 2020, c&rsquo;est chacun de nous qui a d\u00fb se tenir \u00e0 l&rsquo;ecart et la semaine avant P\u00e2ques&#8230;on se demandait bien comment on allait f\u00eater la R\u00e9surrection alors qu&rsquo;on nous annon\u00e7ait 40 morts par jour en Suisse &#8230;? Et que d&rsquo;autre part , on ne pouvait plus se r\u00e9unir \u00e0 l&rsquo;\u00e9glise pour c\u00e9l\u00e9brer en communaut\u00e9&#8230;<br>&#8211; Alors grand p\u00e8re comment avez-vous fait pour f\u00eater malgr\u00e9 tout??<br>&#8211; Eh bien&#8230;.tu vois: chacun de nous a d\u00fb comprendre que malgr\u00e9 la menace qui planait autour de nous, il nous fallait empoigner notre destin et repenser la fraternit\u00e9 spirituelle qui unit tous les humains et puis surtout faire une r\u00e9volution int\u00e9rieure &#8230;.<br>&#8211; Une r\u00e9volution int\u00e9rieure?<br>&#8211; Eh oui ma petite: puisqu&rsquo;on ne pouvait pas aller \u00e0 la maison du Seigneur&#8230;il fallait que chacun de nous se desencombre des pens\u00e9es mortif\u00e8res et accueille le Vivant au plus profond de lui-m\u00eame, pour retrouver le go\u00fbt d&rsquo;une v\u00e9ritable relation personnelle avec lui!<br>&#8211; Et dis, grand-p\u00e8re, \u00e7a a march\u00e9 ?? Il est venu \u00e0 la f\u00eate, vous avez pu l&rsquo;accueillir ????<br>&#8211; Oui Johane! Le Vivant a trouv\u00e9 bien des coeurs ouverts et tout par\u00e9s d&rsquo;habits de f\u00eate.<br>Malgr\u00e9 la tristesse de certains foyers, la lumi\u00e8re de P\u00e2ques s&rsquo;est faufil\u00e9e une fois de plus dans le moindre interstice pour \u00e9clairer nos vies et nos sentiments les plus contradictoires de cette Bonne Nouvelle: la mort n&rsquo;a jamais le dernier mot !<\/strong><\/p>\n","protected":false},"excerpt":{"rendered":"<p>\u00ab\u00a0Qu\u2019en pensez-vous\u00a0? Il ne viendra s\u00fbrement pas \u00e0 la f\u00eate\u00a0!\u00a0\u00bb Jean 11, 56 Dialogue entre un grand p\u00e8re et sa petite-fille en 2060&#8230;&#8211; Tiens, tu vois Johane&#8230;on dirait bien que cette f\u00eate de la P\u00e2que telle que la d\u00e9crit Jean est en passe d&rsquo;\u00eatre perturb\u00e9e&#8230;les Pharisiens cherchent \u00e0 faire mourir J\u00e9sus, si bien que celui-ci cesse toute apparition publique et se tient \u00e0 l&rsquo;\u00e9cart&#8230;et les gens se demandent m\u00eame si Il viendra \u00e0 cette f\u00eate si\u00a0importante de la lib\u00e9ration&#8230;Tiens \u00e7a me rappelle quelque chose: en 2020, c&rsquo;est chacun de nous qui a d\u00fb se tenir \u00e0 l&rsquo;ecart et la semaine avant P\u00e2ques&#8230;on se demandait bien comment on allait f\u00eater la \u2026 <a class=\"continue-reading-link\" href=\"https:\/\/levangilealecran.com\/?p=1950\"> Continue reading <span class=\"meta-nav\">&rarr; <\/span><\/a><\/p>\n","protected":false},"author":2006,"featured_media":0,"comment_status":"open","ping_status":"open","sticky":false,"template":"","format":"standard","meta":{"footnotes":""},"categories":[44,724,5],"tags":[38,237,434,59,523],"class_list":["post-1950","post","type-post","status-publish","format-standard","hentry","category-careme","category-coronavirus","category-jean","tag-jesus","tag-lumiere","tag-paques","tag-rameaux","tag-vivant"],"_links":{"self":[{"href":"https:\/\/levangilealecran.com\/index.php?rest_route=\/wp\/v2\/posts\/1950","targetHints":{"allow":["GET"]}}],"collection":[{"href":"https:\/\/levangilealecran.com\/index.php?rest_route=\/wp\/v2\/posts"}],"about":[{"href":"https:\/\/levangilealecran.com\/index.php?rest_route=\/wp\/v2\/types\/post"}],"author":[{"embeddable":true,"href":"https:\/\/levangilealecran.com\/index.php?rest_route=\/wp\/v2\/users\/2006"}],"replies":[{"embeddable":true,"href":"https:\/\/levangilealecran.com\/index.php?rest_route=%2Fwp%2Fv2%2Fcomments&post=1950"}],"version-history":[{"count":2,"href":"https:\/\/levangilealecran.com\/index.php?rest_route=\/wp\/v2\/posts\/1950\/revisions"}],"predecessor-version":[{"id":1953,"href":"https:\/\/levangilealecran.com\/index.php?rest_route=\/wp\/v2\/posts\/1950\/revisions\/1953"}],"wp:attachment":[{"href":"https:\/\/levangilealecran.com\/index.php?rest_route=%2Fwp%2Fv2%2Fmedia&parent=1950"}],"wp:term":[{"taxonomy":"category","embeddable":true,"href":"https:\/\/levangilealecran.com\/index.php?rest_route=%2Fwp%2Fv2%2Fcategories&post=1950"},{"taxonomy":"post_tag","embeddable":true,"href":"https:\/\/levangilealecran.com\/index.php?rest_route=%2Fwp%2Fv2%2Ftags&post=1950"}],"curies":[{"name":"wp","href":"https:\/\/api.w.org\/{rel}","templated":true}]}}