{"id":1944,"date":"2020-04-02T12:00:00","date_gmt":"2020-04-02T10:00:00","guid":{"rendered":"http:\/\/levangilealecran.com?p=1944"},"modified":"2020-04-02T10:17:07","modified_gmt":"2020-04-02T08:17:07","slug":"jeudi-2-avril-2020","status":"publish","type":"post","link":"https:\/\/levangilealecran.com\/?p=1944","title":{"rendered":"Jeudi 2 avril 2020"},"content":{"rendered":"\n<blockquote class=\"wp-block-quote is-layout-flow wp-block-quote-is-layout-flow\"><p>\u00ab\u00a0Amen, amen, je vous le dis\u00a0: si quelqu\u2019un garde ma parole, jamais il ne verra la mort.\u00a0\u00bb<\/p><cite>Jn 8,51<\/cite><\/blockquote>\n\n\n\n<figure class=\"wp-block-image size-large\"><img loading=\"lazy\" decoding=\"async\" width=\"1024\" height=\"663\" src=\"http:\/\/levangilealecran.comwp-content\/uploads\/2020\/04\/EALE-Jn-8-51-1024x663.png\" alt=\"\" class=\"wp-image-1945\" srcset=\"https:\/\/levangilealecran.com\/wp-content\/uploads\/2020\/04\/EALE-Jn-8-51-1024x663.png 1024w, https:\/\/levangilealecran.com\/wp-content\/uploads\/2020\/04\/EALE-Jn-8-51-300x194.png 300w, https:\/\/levangilealecran.com\/wp-content\/uploads\/2020\/04\/EALE-Jn-8-51-768x497.png 768w, https:\/\/levangilealecran.com\/wp-content\/uploads\/2020\/04\/EALE-Jn-8-51-600x389.png 600w, https:\/\/levangilealecran.com\/wp-content\/uploads\/2020\/04\/EALE-Jn-8-51-150x97.png 150w, https:\/\/levangilealecran.com\/wp-content\/uploads\/2020\/04\/EALE-Jn-8-51-232x150.png 232w, https:\/\/levangilealecran.com\/wp-content\/uploads\/2020\/04\/EALE-Jn-8-51.png 1127w\" sizes=\"auto, (max-width: 1024px) 100vw, 1024px\" \/><\/figure>\n\n\n\n<p class=\"wp-block-paragraph\"><strong>> A plusieurs reprises, J\u00e9sus essaie de faire comprendre \u00e0 son auditoire que si la mort physique est in\u00e9luctable pour chacun de nous, la mort de l\u2019\u00e2me, elle, n\u2019est pas une fatalit\u00e9. Si nous croyons en lui non seulement notre \u00e2me continuera de vivre au moment de la mort de notre corps, mais qui plus est nous retrouverons un corps, avec J\u00e9sus, au moment de la r\u00e9surrection des morts.<\/strong><\/p>\n\n\n\n<p class=\"wp-block-paragraph\"><strong>Pour cela, un seul pr\u00e9alable\u00a0: garder Sa Parole. Et donc la mettre en pratique car le verbe \u00ab\u00a0garder\u00a0\u00bb suppose ici non pas des pages poussi\u00e9reuses conserv\u00e9es sur une \u00e9tag\u00e8re mais bien une veille, un soin de cette Parole qui vient guider notre aujourd\u2019hui.<\/strong><\/p>\n\n\n\n<p class=\"wp-block-paragraph\"><strong>Et si, pendant ce temps de confinement, nous cherchions davantage \u00e0 prendre soin de cette Parole de Dieu\u00a0? Si nous ouvrions davantage nos Bibles, tous les jours, pour d\u00e9couvrir comment ces pages nous rejoignent dans l\u2019aujourd\u2019hui de notre vie\u00a0?<\/strong><\/p>\n","protected":false},"excerpt":{"rendered":"<p>\u00ab\u00a0Amen, amen, je vous le dis\u00a0: si quelqu\u2019un garde ma parole, jamais il ne verra la mort.\u00a0\u00bb Jn 8,51 > A plusieurs reprises, J\u00e9sus essaie de faire comprendre \u00e0 son auditoire que si la mort physique est in\u00e9luctable pour chacun de nous, la mort de l\u2019\u00e2me, elle, n\u2019est pas une fatalit\u00e9. Si nous croyons en lui non seulement notre \u00e2me continuera de vivre au moment de la mort de notre corps, mais qui plus est nous retrouverons un corps, avec J\u00e9sus, au moment de la r\u00e9surrection des morts. Pour cela, un seul pr\u00e9alable\u00a0: garder Sa Parole. Et donc la mettre en pratique car le verbe \u00ab\u00a0garder\u00a0\u00bb suppose ici non pas \u2026 <a class=\"continue-reading-link\" href=\"https:\/\/levangilealecran.com\/?p=1944\"> Continue reading <span class=\"meta-nav\">&rarr; <\/span><\/a><\/p>\n","protected":false},"author":2006,"featured_media":0,"comment_status":"open","ping_status":"open","sticky":false,"template":"","format":"standard","meta":{"footnotes":""},"categories":[44,724,5],"tags":[235,39,749,55,115],"class_list":["post-1944","post","type-post","status-publish","format-standard","hentry","category-careme","category-coronavirus","category-jean","tag-mort","tag-parole","tag-prendre-soin-2","tag-resurrection","tag-vivre"],"_links":{"self":[{"href":"https:\/\/levangilealecran.com\/index.php?rest_route=\/wp\/v2\/posts\/1944","targetHints":{"allow":["GET"]}}],"collection":[{"href":"https:\/\/levangilealecran.com\/index.php?rest_route=\/wp\/v2\/posts"}],"about":[{"href":"https:\/\/levangilealecran.com\/index.php?rest_route=\/wp\/v2\/types\/post"}],"author":[{"embeddable":true,"href":"https:\/\/levangilealecran.com\/index.php?rest_route=\/wp\/v2\/users\/2006"}],"replies":[{"embeddable":true,"href":"https:\/\/levangilealecran.com\/index.php?rest_route=%2Fwp%2Fv2%2Fcomments&post=1944"}],"version-history":[{"count":1,"href":"https:\/\/levangilealecran.com\/index.php?rest_route=\/wp\/v2\/posts\/1944\/revisions"}],"predecessor-version":[{"id":1946,"href":"https:\/\/levangilealecran.com\/index.php?rest_route=\/wp\/v2\/posts\/1944\/revisions\/1946"}],"wp:attachment":[{"href":"https:\/\/levangilealecran.com\/index.php?rest_route=%2Fwp%2Fv2%2Fmedia&parent=1944"}],"wp:term":[{"taxonomy":"category","embeddable":true,"href":"https:\/\/levangilealecran.com\/index.php?rest_route=%2Fwp%2Fv2%2Fcategories&post=1944"},{"taxonomy":"post_tag","embeddable":true,"href":"https:\/\/levangilealecran.com\/index.php?rest_route=%2Fwp%2Fv2%2Ftags&post=1944"}],"curies":[{"name":"wp","href":"https:\/\/api.w.org\/{rel}","templated":true}]}}