{"id":1934,"date":"2020-03-31T12:00:00","date_gmt":"2020-03-31T10:00:00","guid":{"rendered":"http:\/\/levangilealecran.com?p=1934"},"modified":"2020-03-30T13:36:48","modified_gmt":"2020-03-30T11:36:48","slug":"mardi-31-mars-2020","status":"publish","type":"post","link":"https:\/\/levangilealecran.com\/?p=1934","title":{"rendered":"Mardi 31 mars 2020"},"content":{"rendered":"\n<blockquote class=\"wp-block-quote is-layout-flow wp-block-quote-is-layout-flow\"><p>\u00ab\u00a0Toi, qui es-tu\u00a0?\u00a0\u00bb<\/p><cite>Jn 8,25<\/cite><\/blockquote>\n\n\n\n<figure class=\"wp-block-image size-large\"><img loading=\"lazy\" decoding=\"async\" width=\"600\" height=\"600\" src=\"http:\/\/levangilealecran.comwp-content\/uploads\/2020\/03\/ImageEvEcr2020_03_31.jpg\" alt=\"\" class=\"wp-image-1935\" srcset=\"https:\/\/levangilealecran.com\/wp-content\/uploads\/2020\/03\/ImageEvEcr2020_03_31.jpg 600w, https:\/\/levangilealecran.com\/wp-content\/uploads\/2020\/03\/ImageEvEcr2020_03_31-300x300.jpg 300w, https:\/\/levangilealecran.com\/wp-content\/uploads\/2020\/03\/ImageEvEcr2020_03_31-150x150.jpg 150w\" sizes=\"auto, (max-width: 600px) 100vw, 600px\" \/><\/figure>\n\n\n\n<p class=\"wp-block-paragraph\"><strong>> Les \u00e9vangiles propos\u00e9s \u00e0 notre \u00e9coute ces derniers jours sont jalonn\u00e9s par la question de l\u2019identit\u00e9 de J\u00e9sus. Dimanche dernier, nous entendions l\u2019aveugle-n\u00e9 gu\u00e9ri par J\u00e9sus dire aux pharisiens\u00a0: \u00ab\u00a0Vous ne savez pas d\u2019o\u00f9 il est, et pourtant il m\u2019a ouvert les yeux.\u00a0\u00bb (Jn 9, 30) Quelques jours plus tard, nous lisions dans le chapitre 7 de Jean\u00a0: \u00ab\u00a0J\u00e9sus s\u2019\u00e9cria\u00a0: \u201cVous me connaissez\u00a0? Et vous savez d\u2019o\u00f9 je suis\u00a0?\u201d\u00a0\u00bb (7, 28) Un peu plus loin dans le m\u00eame chapitre, on voit la foule se diviser sur cette question. Certains reconnaissent en lui le Christ, d\u2019autres affirment qu\u2019il ne peut pas l\u2019\u00eatre puisqu\u2019il vient de Galil\u00e9e. La question agite la foule et les ennemis de J\u00e9sus, et sera au c\u0153ur de son proc\u00e8s\u00a0: \u00ab\u00a0Es-tu le Messie, le Fils du Dieu b\u00e9ni\u00a0?\u00a0\u00bb(Mc 14,61).<\/strong><\/p>\n\n\n\n<p class=\"wp-block-paragraph\"><strong>Et nous, qui nous disons ses disciples, cette question nous laisse-t-elle tranquilles\u00a0? Nous avons les mots pour y r\u00e9pondre\u00a0: \u00ab\u00a0Tu es le Christ, le Fils de Dieu, envoy\u00e9 dans le monde.\u00a0\u00bb Mais la r\u00e9alit\u00e9, le myst\u00e8re derri\u00e8re les mots, qu\u2019en savons-nous\u00a0? Pensons-nous pouvoir l\u2019enfermer dans une d\u00e9finition, fut-elle dite avec les mots m\u00eames de l\u2019Evangile\u00a0?\u00a0<\/strong><\/p>\n\n\n\n<p class=\"wp-block-paragraph\"><strong>\u00ab L\u2019amour, c\u2019est de ne pas pouvoir \u00eatre en repos \u00e0 cause du myst\u00e8re d\u2019un \u00eatre\u00a0\u00bb, a \u00e9crit un romancier. Puissions-nous ne pas \u00eatre en repos \u00e0 cause du myst\u00e8re du Christ J\u00e9sus. Et si nous l\u2019\u00e9tions, que les jours de la Passion, qui approchent, nous en fassent sortir, nous remettent en qu\u00eate.<\/strong><\/p>\n\n\n\n<p class=\"wp-block-paragraph\"><strong>En ces jours de r\u00e9clusion, si nous adressions, au moins int\u00e9rieurement, ce \u00ab\u00a0Toi, qui es-tu\u00a0?\u00a0\u00bb \u00e0 nos proches. Dans leur proximit\u00e9 impos\u00e9e \u00e0 longueur de journ\u00e9e nous risquons de ne plus voir que les petits \u2013 et parfois aga\u00e7ants \u2013 c\u00f4t\u00e9s du quotidien. Il d\u00e9pend de nous, avec l\u2019aide de Dieu, de faire na\u00eetre de cette proximit\u00e9 un regard renouvel\u00e9 sur le myst\u00e8re de chacun.<\/strong><\/p>\n","protected":false},"excerpt":{"rendered":"<p>\u00ab\u00a0Toi, qui es-tu\u00a0?\u00a0\u00bb Jn 8,25 > Les \u00e9vangiles propos\u00e9s \u00e0 notre \u00e9coute ces derniers jours sont jalonn\u00e9s par la question de l\u2019identit\u00e9 de J\u00e9sus. Dimanche dernier, nous entendions l\u2019aveugle-n\u00e9 gu\u00e9ri par J\u00e9sus dire aux pharisiens\u00a0: \u00ab\u00a0Vous ne savez pas d\u2019o\u00f9 il est, et pourtant il m\u2019a ouvert les yeux.\u00a0\u00bb (Jn 9, 30) Quelques jours plus tard, nous lisions dans le chapitre 7 de Jean\u00a0: \u00ab\u00a0J\u00e9sus s\u2019\u00e9cria\u00a0: \u201cVous me connaissez\u00a0? Et vous savez d\u2019o\u00f9 je suis\u00a0?\u201d\u00a0\u00bb (7, 28) Un peu plus loin dans le m\u00eame chapitre, on voit la foule se diviser sur cette question. Certains reconnaissent en lui le Christ, d\u2019autres affirment qu\u2019il ne peut pas l\u2019\u00eatre puisqu\u2019il vient de \u2026 <a class=\"continue-reading-link\" href=\"https:\/\/levangilealecran.com\/?p=1934\"> Continue reading <span class=\"meta-nav\">&rarr; <\/span><\/a><\/p>\n","protected":false},"author":2006,"featured_media":0,"comment_status":"open","ping_status":"open","sticky":false,"template":"","format":"standard","meta":{"footnotes":""},"categories":[44,724],"tags":[16,746,98,38,180,325,63,145],"class_list":["post-1934","post","type-post","status-publish","format-standard","hentry","category-careme","category-coronavirus","tag-amour","tag-fils-de-dieu","tag-identite","tag-jesus","tag-messie","tag-mystere","tag-passion","tag-proximite"],"_links":{"self":[{"href":"https:\/\/levangilealecran.com\/index.php?rest_route=\/wp\/v2\/posts\/1934","targetHints":{"allow":["GET"]}}],"collection":[{"href":"https:\/\/levangilealecran.com\/index.php?rest_route=\/wp\/v2\/posts"}],"about":[{"href":"https:\/\/levangilealecran.com\/index.php?rest_route=\/wp\/v2\/types\/post"}],"author":[{"embeddable":true,"href":"https:\/\/levangilealecran.com\/index.php?rest_route=\/wp\/v2\/users\/2006"}],"replies":[{"embeddable":true,"href":"https:\/\/levangilealecran.com\/index.php?rest_route=%2Fwp%2Fv2%2Fcomments&post=1934"}],"version-history":[{"count":1,"href":"https:\/\/levangilealecran.com\/index.php?rest_route=\/wp\/v2\/posts\/1934\/revisions"}],"predecessor-version":[{"id":1936,"href":"https:\/\/levangilealecran.com\/index.php?rest_route=\/wp\/v2\/posts\/1934\/revisions\/1936"}],"wp:attachment":[{"href":"https:\/\/levangilealecran.com\/index.php?rest_route=%2Fwp%2Fv2%2Fmedia&parent=1934"}],"wp:term":[{"taxonomy":"category","embeddable":true,"href":"https:\/\/levangilealecran.com\/index.php?rest_route=%2Fwp%2Fv2%2Fcategories&post=1934"},{"taxonomy":"post_tag","embeddable":true,"href":"https:\/\/levangilealecran.com\/index.php?rest_route=%2Fwp%2Fv2%2Ftags&post=1934"}],"curies":[{"name":"wp","href":"https:\/\/api.w.org\/{rel}","templated":true}]}}