{"id":1931,"date":"2020-03-30T12:00:00","date_gmt":"2020-03-30T10:00:00","guid":{"rendered":"http:\/\/levangilealecran.com?p=1931"},"modified":"2020-03-29T12:14:11","modified_gmt":"2020-03-29T10:14:11","slug":"lundi-30-mars-2020","status":"publish","type":"post","link":"https:\/\/levangilealecran.com\/?p=1931","title":{"rendered":"Lundi 30 mars 2020"},"content":{"rendered":"\n<blockquote class=\"wp-block-quote is-layout-flow wp-block-quote-is-layout-flow\"><p>\u00ab J\u00e9sus se baissa de nouveau. \u00bb<\/p><cite>Jn 8,6<\/cite><\/blockquote>\n\n\n\n<figure class=\"wp-block-image size-large\"><img loading=\"lazy\" decoding=\"async\" width=\"600\" height=\"600\" src=\"http:\/\/levangilealecran.comwp-content\/uploads\/2020\/03\/ImageEvEcr2020_03_30.jpg\" alt=\"\" class=\"wp-image-1932\" srcset=\"https:\/\/levangilealecran.com\/wp-content\/uploads\/2020\/03\/ImageEvEcr2020_03_30.jpg 600w, https:\/\/levangilealecran.com\/wp-content\/uploads\/2020\/03\/ImageEvEcr2020_03_30-300x300.jpg 300w, https:\/\/levangilealecran.com\/wp-content\/uploads\/2020\/03\/ImageEvEcr2020_03_30-150x150.jpg 150w\" sizes=\"auto, (max-width: 600px) 100vw, 600px\" \/><\/figure>\n\n\n\n<p class=\"wp-block-paragraph\"><strong>> Relisons ce texte bien connu en surlignant les verbes de mouvement ; de haut en bas d\u2019abord : J\u00e9sus s\u2019assied (8,2), se courbe vers le bas (pl\u00e9onasme en 8,6 et 8,8) ; puis vers le haut: J\u00e9sus se rel\u00e8ve (8,7), et se rel\u00e8ve encore (8,10).<\/strong><\/p>\n\n\n\n<p class=\"wp-block-paragraph\"><strong>Ce que l\u2019Evangile du jour nous dit, c\u2019est que pour prendre ce chemin de pardon qui rel\u00e8ve, le chemin de la vie, il faut oser s\u2019abaisser comme J\u00e9sus s\u2019abaisse pour \u00e9crire sur le sable. Car quand J\u00e9sus est bombard\u00e9 de questions par les Pharisiens qui cherchent \u00e0 lui tendre un pi\u00e8ge, il se baisse, et se met \u00e0 tracer du doigt des traits sur le sol. Geste \u00e9nigmatique. On ne sait pas ce que J\u00e9sus \u00e9crit par terre, mais ainsi J\u00e9sus pr\u00f4ne en fait un abaissement\u2026 <\/strong><\/p>\n\n\n\n<p class=\"wp-block-paragraph\"><strong>Le pardon, qui permet une vie nouvelle en homme et femme pardonn\u00e9s, comme \u00e0 la fin de cet \u00e9pisode, passe donc par un abaissement. S\u2019abaisser, c\u2019est l\u00e2cher. L\u00e2cher la pierre de la col\u00e8re, de la haine, de la rancoeur, m\u00eame si cela nous co\u00fbte tellement. C\u2019est laisser le pouvoir \u00e0 l\u2019autre. C\u2019est lui redonner le pouvoir pour la vie, en vue d\u2019une vie nouvelle. Car cet abaissement ouvre \u00e0 une vie nouvelle.<\/strong><\/p>\n\n\n\n<p class=\"wp-block-paragraph\"><strong>En ce jour, nous nous proposons de vivre cette d\u00e9marche d\u2019humilit\u00e9 et de l\u00e2cher prise : quelle pierre de col\u00e8re, de haine, de ranc\u0153ur puis-je l\u00e2cher ? Comment puis-je, \u00e0 la suite du Christ, moi aussi m\u2019abaisser pour initier un chemin de pardon qui ouvre \u00e0 une vie nouvelle ?<\/strong><\/p>\n","protected":false},"excerpt":{"rendered":"<p>\u00ab J\u00e9sus se baissa de nouveau. \u00bb Jn 8,6 > Relisons ce texte bien connu en surlignant les verbes de mouvement ; de haut en bas d\u2019abord : J\u00e9sus s\u2019assied (8,2), se courbe vers le bas (pl\u00e9onasme en 8,6 et 8,8) ; puis vers le haut: J\u00e9sus se rel\u00e8ve (8,7), et se rel\u00e8ve encore (8,10). Ce que l\u2019Evangile du jour nous dit, c\u2019est que pour prendre ce chemin de pardon qui rel\u00e8ve, le chemin de la vie, il faut oser s\u2019abaisser comme J\u00e9sus s\u2019abaisse pour \u00e9crire sur le sable. Car quand J\u00e9sus est bombard\u00e9 de questions par les Pharisiens qui cherchent \u00e0 lui tendre un pi\u00e8ge, il se baisse, et \u2026 <a class=\"continue-reading-link\" href=\"https:\/\/levangilealecran.com\/?p=1931\"> Continue reading <span class=\"meta-nav\">&rarr; <\/span><\/a><\/p>\n","protected":false},"author":2006,"featured_media":0,"comment_status":"open","ping_status":"open","sticky":false,"template":"","format":"standard","meta":{"footnotes":""},"categories":[44,724],"tags":[743,124,744,199,745],"class_list":["post-1931","post","type-post","status-publish","format-standard","hentry","category-careme","category-coronavirus","tag-abaissement","tag-humilite","tag-lacher-prise-2","tag-pardon","tag-vie-nouvelle"],"_links":{"self":[{"href":"https:\/\/levangilealecran.com\/index.php?rest_route=\/wp\/v2\/posts\/1931","targetHints":{"allow":["GET"]}}],"collection":[{"href":"https:\/\/levangilealecran.com\/index.php?rest_route=\/wp\/v2\/posts"}],"about":[{"href":"https:\/\/levangilealecran.com\/index.php?rest_route=\/wp\/v2\/types\/post"}],"author":[{"embeddable":true,"href":"https:\/\/levangilealecran.com\/index.php?rest_route=\/wp\/v2\/users\/2006"}],"replies":[{"embeddable":true,"href":"https:\/\/levangilealecran.com\/index.php?rest_route=%2Fwp%2Fv2%2Fcomments&post=1931"}],"version-history":[{"count":1,"href":"https:\/\/levangilealecran.com\/index.php?rest_route=\/wp\/v2\/posts\/1931\/revisions"}],"predecessor-version":[{"id":1933,"href":"https:\/\/levangilealecran.com\/index.php?rest_route=\/wp\/v2\/posts\/1931\/revisions\/1933"}],"wp:attachment":[{"href":"https:\/\/levangilealecran.com\/index.php?rest_route=%2Fwp%2Fv2%2Fmedia&parent=1931"}],"wp:term":[{"taxonomy":"category","embeddable":true,"href":"https:\/\/levangilealecran.com\/index.php?rest_route=%2Fwp%2Fv2%2Fcategories&post=1931"},{"taxonomy":"post_tag","embeddable":true,"href":"https:\/\/levangilealecran.com\/index.php?rest_route=%2Fwp%2Fv2%2Ftags&post=1931"}],"curies":[{"name":"wp","href":"https:\/\/api.w.org\/{rel}","templated":true}]}}