{"id":193,"date":"2013-02-23T08:43:04","date_gmt":"2013-02-23T07:43:04","guid":{"rendered":"http:\/\/levangilealecran.com?p=193"},"modified":"2013-03-08T15:53:19","modified_gmt":"2013-03-08T14:53:19","slug":"2eme-dimanche-de-careme-c","status":"publish","type":"post","link":"https:\/\/levangilealecran.com\/?p=193","title":{"rendered":"2e dimanche de Car\u00eame &#8211; C"},"content":{"rendered":"<div style=\"text-align: justify;\"><span style=\"font-family: 'Helvetica Neue', Helvetica, Arial, 'Nimbus Sans L', sans-serif;\">\u00ab\u00a0J\u00e9sus prit avec lui Pierre, Jean et Jacques, et il alla sur la montagne pour prier. Pendant qu&rsquo;il priait, son visage apparut tout autre, ses v\u00eatements devinrent d&rsquo;une blancheur \u00e9clatante.\u00a0\u00bb (Lc 9 28-29)<\/span><\/div>\n<div style=\"text-align: justify;\"><span style=\"color: #000000;\">\u00a0<\/span><\/div>\n<div style=\"text-align: justify;\"><\/div>\n<div style=\"text-align: justify;\"><strong><span style=\"font-family: 'Helvetica Neue', Helvetica, Arial, 'Nimbus Sans L', sans-serif;\">&gt; Parfois, la vie peut ressembler \u00e0 une montagne \u00e0 gravir avec des pentes bien ardues : souffrance, deuils, difficult\u00e9s relationnelles. Et si pendant cette semaine de car\u00eame nous prenions du temps pour chercher \u00e0 voir la lumi\u00e8re de J\u00e9sus dans les difficult\u00e9s de notre vie en d\u00e9posant cela dans la simplicit\u00e9 de la pri\u00e8re ? Et si, face \u00e0 ta montagne, nous essayions de ne pas en faire une montagne, mais de voir la blancheur \u00e9clatante du Christ qui transfigure notre humanit\u00e9 ?<\/span><\/strong><\/div>\n","protected":false},"excerpt":{"rendered":"<p>\u00ab\u00a0J\u00e9sus prit avec lui Pierre, Jean et Jacques, et il alla sur la montagne pour prier. Pendant qu&rsquo;il priait, son visage apparut tout autre, ses v\u00eatements devinrent d&rsquo;une blancheur \u00e9clatante.\u00a0\u00bb (Lc 9 28-29) \u00a0 &gt; Parfois, la vie peut ressembler \u00e0 une montagne \u00e0 gravir avec des pentes bien ardues : souffrance, deuils, difficult\u00e9s relationnelles. Et si pendant cette semaine de car\u00eame nous prenions du temps pour chercher \u00e0 voir la lumi\u00e8re de J\u00e9sus dans les difficult\u00e9s de notre vie en d\u00e9posant cela dans la simplicit\u00e9 de la pri\u00e8re ? Et si, face \u00e0 ta montagne, nous essayions de ne pas en faire une montagne, mais de voir la blancheur \u2026 <a class=\"continue-reading-link\" href=\"https:\/\/levangilealecran.com\/?p=193\"> Continue reading <span class=\"meta-nav\">&rarr; <\/span><\/a><\/p>\n","protected":false},"author":1,"featured_media":0,"comment_status":"open","ping_status":"open","sticky":false,"template":"","format":"standard","meta":{"footnotes":""},"categories":[44,6],"tags":[431,48,31,49],"class_list":["post-193","post","type-post","status-publish","format-standard","hentry","category-careme","category-luc","tag-luc","tag-montagne","tag-priere","tag-transfiguration"],"_links":{"self":[{"href":"https:\/\/levangilealecran.com\/index.php?rest_route=\/wp\/v2\/posts\/193","targetHints":{"allow":["GET"]}}],"collection":[{"href":"https:\/\/levangilealecran.com\/index.php?rest_route=\/wp\/v2\/posts"}],"about":[{"href":"https:\/\/levangilealecran.com\/index.php?rest_route=\/wp\/v2\/types\/post"}],"author":[{"embeddable":true,"href":"https:\/\/levangilealecran.com\/index.php?rest_route=\/wp\/v2\/users\/1"}],"replies":[{"embeddable":true,"href":"https:\/\/levangilealecran.com\/index.php?rest_route=%2Fwp%2Fv2%2Fcomments&post=193"}],"version-history":[{"count":18,"href":"https:\/\/levangilealecran.com\/index.php?rest_route=\/wp\/v2\/posts\/193\/revisions"}],"predecessor-version":[{"id":261,"href":"https:\/\/levangilealecran.com\/index.php?rest_route=\/wp\/v2\/posts\/193\/revisions\/261"}],"wp:attachment":[{"href":"https:\/\/levangilealecran.com\/index.php?rest_route=%2Fwp%2Fv2%2Fmedia&parent=193"}],"wp:term":[{"taxonomy":"category","embeddable":true,"href":"https:\/\/levangilealecran.com\/index.php?rest_route=%2Fwp%2Fv2%2Fcategories&post=193"},{"taxonomy":"post_tag","embeddable":true,"href":"https:\/\/levangilealecran.com\/index.php?rest_route=%2Fwp%2Fv2%2Ftags&post=193"}],"curies":[{"name":"wp","href":"https:\/\/api.w.org\/{rel}","templated":true}]}}