{"id":1928,"date":"2020-03-29T12:07:28","date_gmt":"2020-03-29T10:07:28","guid":{"rendered":"http:\/\/levangilealecran.com?p=1928"},"modified":"2020-03-29T12:07:28","modified_gmt":"2020-03-29T10:07:28","slug":"5e-dimanche-de-careme-29-mars","status":"publish","type":"post","link":"https:\/\/levangilealecran.com\/?p=1928","title":{"rendered":"5e dimanche de car\u00eame &#8211; 29 mars"},"content":{"rendered":"\n<blockquote class=\"wp-block-quote is-layout-flow wp-block-quote-is-layout-flow\"><p>\u00ab\u00a0Seigneur, si tu avais \u00e9t\u00e9 ici, mon fr\u00e8re ne serait pas mort\u00a0\u00bb<\/p><cite>Jean 11,21<\/cite><\/blockquote>\n\n\n\n<figure class=\"wp-block-image size-large\"><img loading=\"lazy\" decoding=\"async\" width=\"886\" height=\"1024\" src=\"http:\/\/levangilealecran.comwp-content\/uploads\/2020\/03\/ImageEvEcr2020_03_29-886x1024.jpg\" alt=\"\" class=\"wp-image-1929\" srcset=\"https:\/\/levangilealecran.com\/wp-content\/uploads\/2020\/03\/ImageEvEcr2020_03_29-886x1024.jpg 886w, https:\/\/levangilealecran.com\/wp-content\/uploads\/2020\/03\/ImageEvEcr2020_03_29-260x300.jpg 260w, https:\/\/levangilealecran.com\/wp-content\/uploads\/2020\/03\/ImageEvEcr2020_03_29-768x888.jpg 768w, https:\/\/levangilealecran.com\/wp-content\/uploads\/2020\/03\/ImageEvEcr2020_03_29-600x694.jpg 600w, https:\/\/levangilealecran.com\/wp-content\/uploads\/2020\/03\/ImageEvEcr2020_03_29-1329x1536.jpg 1329w, https:\/\/levangilealecran.com\/wp-content\/uploads\/2020\/03\/ImageEvEcr2020_03_29-130x150.jpg 130w, https:\/\/levangilealecran.com\/wp-content\/uploads\/2020\/03\/ImageEvEcr2020_03_29.jpg 1743w\" sizes=\"auto, (max-width: 886px) 100vw, 886px\" \/><\/figure>\n\n\n\n<p class=\"wp-block-paragraph\"><strong>> Le reproche de Marthe r\u00e9sonne fort aujourd&rsquo;hui, r\u00e9sonnera fort encore dans nos vies qui se d\u00e9couvrent menac\u00e9es par la pand\u00e9mie&#8230;<br>Avec des \u00ab\u00a0si\u00a0\u00bb on refait facilement le monde:<br>Si on avait plus de respirateurs&#8230;<br>Si le gouvernement prenait d&rsquo;autres mesures&#8230;<br>Si le pangolin n&rsquo;avait pas \u00e9t\u00e9 cuisin\u00e9&#8230;<br>Si Dieu voulait bien se r\u00e9veiller&#8230;<\/strong><\/p>\n\n\n\n<p class=\"wp-block-paragraph\"><strong>A tout cela J\u00e9sus ne r\u00e9pond pas directement.<br>Il ne nous \u00e9vite pas l&rsquo;\u00e9preuve, il ne se d\u00e9place m\u00eame pas en h\u00e2te vers son ami malade.<br>Mais il dit: je suis la r\u00e9surrection et la Vie.<br>Et il pleure&#8230;<\/strong><\/p>\n\n\n\n<p class=\"wp-block-paragraph\"><strong>Cette semaine, et m\u00eame jusqu&rsquo;\u00e0 P\u00e2ques et au-del\u00e0\u00a0<br>Seigneur montre-moi que tu es l\u00e0 !<br>Que tu pleures avec ceux qui pleurent<br>Et que m\u00eame sans r\u00e9ponse \u00e0 nos pourquoi<br>Tu offres la Vie,\u00a0<br>Pas celle remplie de divertissement facile<br>Mais une Vie solidaire\u00a0<br>et habit\u00e9e de nos \u00e9motions\u00a0<br>que tu partages sans conditions.<br>Amen!<\/strong><\/p>\n","protected":false},"excerpt":{"rendered":"<p>\u00ab\u00a0Seigneur, si tu avais \u00e9t\u00e9 ici, mon fr\u00e8re ne serait pas mort\u00a0\u00bb Jean 11,21 > Le reproche de Marthe r\u00e9sonne fort aujourd&rsquo;hui, r\u00e9sonnera fort encore dans nos vies qui se d\u00e9couvrent menac\u00e9es par la pand\u00e9mie&#8230;Avec des \u00ab\u00a0si\u00a0\u00bb on refait facilement le monde:Si on avait plus de respirateurs&#8230;Si le gouvernement prenait d&rsquo;autres mesures&#8230;Si le pangolin n&rsquo;avait pas \u00e9t\u00e9 cuisin\u00e9&#8230;Si Dieu voulait bien se r\u00e9veiller&#8230; A tout cela J\u00e9sus ne r\u00e9pond pas directement.Il ne nous \u00e9vite pas l&rsquo;\u00e9preuve, il ne se d\u00e9place m\u00eame pas en h\u00e2te vers son ami malade.Mais il dit: je suis la r\u00e9surrection et la Vie.Et il pleure&#8230; Cette semaine, et m\u00eame jusqu&rsquo;\u00e0 P\u00e2ques et au-del\u00e0\u00a0Seigneur montre-moi que tu \u2026 <a class=\"continue-reading-link\" href=\"https:\/\/levangilealecran.com\/?p=1928\"> Continue reading <span class=\"meta-nav\">&rarr; <\/span><\/a><\/p>\n","protected":false},"author":2006,"featured_media":0,"comment_status":"open","ping_status":"open","sticky":false,"template":"","format":"standard","meta":{"footnotes":""},"categories":[44,724,4,5],"tags":[742,741,55,624,52],"class_list":["post-1928","post","type-post","status-publish","format-standard","hentry","category-careme","category-coronavirus","category-dimanche","category-jean","tag-emotions","tag-pleurer","tag-resurrection","tag-solidarite","tag-vie"],"_links":{"self":[{"href":"https:\/\/levangilealecran.com\/index.php?rest_route=\/wp\/v2\/posts\/1928","targetHints":{"allow":["GET"]}}],"collection":[{"href":"https:\/\/levangilealecran.com\/index.php?rest_route=\/wp\/v2\/posts"}],"about":[{"href":"https:\/\/levangilealecran.com\/index.php?rest_route=\/wp\/v2\/types\/post"}],"author":[{"embeddable":true,"href":"https:\/\/levangilealecran.com\/index.php?rest_route=\/wp\/v2\/users\/2006"}],"replies":[{"embeddable":true,"href":"https:\/\/levangilealecran.com\/index.php?rest_route=%2Fwp%2Fv2%2Fcomments&post=1928"}],"version-history":[{"count":1,"href":"https:\/\/levangilealecran.com\/index.php?rest_route=\/wp\/v2\/posts\/1928\/revisions"}],"predecessor-version":[{"id":1930,"href":"https:\/\/levangilealecran.com\/index.php?rest_route=\/wp\/v2\/posts\/1928\/revisions\/1930"}],"wp:attachment":[{"href":"https:\/\/levangilealecran.com\/index.php?rest_route=%2Fwp%2Fv2%2Fmedia&parent=1928"}],"wp:term":[{"taxonomy":"category","embeddable":true,"href":"https:\/\/levangilealecran.com\/index.php?rest_route=%2Fwp%2Fv2%2Fcategories&post=1928"},{"taxonomy":"post_tag","embeddable":true,"href":"https:\/\/levangilealecran.com\/index.php?rest_route=%2Fwp%2Fv2%2Ftags&post=1928"}],"curies":[{"name":"wp","href":"https:\/\/api.w.org\/{rel}","templated":true}]}}